{"id":157013,"date":"2016-11-13T17:12:49","date_gmt":"2016-11-13T16:12:49","guid":{"rendered":"http:\/\/www.fuldaer-nachrichten.de\/?p=157013"},"modified":"2016-11-13T17:15:43","modified_gmt":"2016-11-13T16:15:43","slug":"klassik-highlight-mit-bassbariton-erwin-schrott-sarah-connor-praesentiert-sich-auf-deutsch","status":"publish","type":"post","link":"https:\/\/www.fuldaernachrichten.de\/?p=157013","title":{"rendered":"Klassik-Highlight mit Bassbariton Erwin Schrott\/ Sarah Connor pr\u00e4sentiert sich auf Deutsch"},"content":{"rendered":"<p><a href=\"http:\/\/www.fuldaer-nachrichten.de\/wp-content\/uploads\/2016\/11\/Erwin-Schrott.jpg\"><img fetchpriority=\"high\" decoding=\"async\" class=\"size-thumbnail wp-image-157018\" src=\"http:\/\/www.fuldaer-nachrichten.de\/wp-content\/uploads\/2016\/11\/Erwin-Schrott-265x199.jpg\" alt=\"?????????????????????????????????????????????????????????\" width=\"265\" height=\"199\" srcset=\"https:\/\/www.fuldaernachrichten.de\/wp-content\/uploads\/2016\/11\/Erwin-Schrott-265x199.jpg 265w, https:\/\/www.fuldaernachrichten.de\/wp-content\/uploads\/2016\/11\/Erwin-Schrott-600x450.jpg 600w, https:\/\/www.fuldaernachrichten.de\/wp-content\/uploads\/2016\/11\/Erwin-Schrott.jpg 756w\" sizes=\"(max-width: 265px) 100vw, 265px\" \/><\/a><\/p>\n<p>Die Fuldaer Domplatzkonzerte starten 2017 mit neuem Konzept: ein j\u00e4hrlicher Turnus und hochkar\u00e4tige Klassik-Highlights setzen neue Akzente f\u00fcr die beliebte Konzertreihe. Mit Bassbariton Erwin Schrott am Donnerstag, 24. August, und Sarah Connor am Freitag, 25. August, bringen Rolf Weinmann von der Konzertagentur Provinztour und die Stadt Fulda im n\u00e4chsten Jahr zwei musikalische H\u00f6hepunkte nach Fulda. \u201eDiese Musik passt sich perfekt in die Kulisse des ehrw\u00fcrdigen Domes und des Domplatzes ein\u201c, so Rolf Weinmann.<\/p>\n<p>Oberb\u00fcrgermeister Dr. Heiko Wingenfeld dankte Christoph Stibor, Leiter des Schlosstheaters, und Kulturamtsleiter Dr. Thomas Heiler daf\u00fcr, dass es gelungen ist, dieses hochkar\u00e4tige Programm f\u00fcr 2017 zusammenzustellen. \u201eIch freue mich zudem ganz besonders, dass es uns in Zukunft m\u00f6glich sein wird, die Domplatzkonzerte j\u00e4hrlich zu veranstalten\u201c, sagte er. \u201eDamit geben wir einen wesentlichen Impuls f\u00fcr die St\u00e4rkung Fuldas als Kulturstadt.\u201c Theaterleiter Stibor erg\u00e4nzte: \u201eZuk\u00fcnftig werden wir uns verst\u00e4rkt bem\u00fchen, auch klassische K\u00fcnstler zu gewinnen und damit an die Tradition der Domplatzkonzerte von Montserrat Caball\u00e9 (1996) und Jos\u00e9 Carreras (1997) anzukn\u00fcpfen.\u201c Das besondere Ambiente des Domplatzes mit der historischen Bausubstanz sei pr\u00e4destiniert f\u00fcr klassische Musik und erfordere ein dem Rahmen angemessenes Angebot.<\/p>\n<p>Erwin Schrott wird in Europa und Amerika als einer der aufregendsten und charismatischsten K\u00fcnstler seiner Generation gefeiert und gilt allgemein als der gegenw\u00e4rtig beste Interpret der gro\u00dfen Mozart-Partien Don Giovanni, Leporello und Figaro. Mit seinem dunklen, samtigen und sinnlichen Bass-Bariton hat er einen wahren Begeisterungstaumel bei\u00c2\u00a0Kritikern und Publikum ausgel\u00f6st. Einem weiten Publikum bekannt wurde er auch durch die private und k\u00fcnstlerische Verbindung zu der russischen Sopranistin Anna Netrebko.<br \/>\nMit der Sopranistin Marina Viotti und den Nordwestdeutschen Philharmonikern wird er am Donnerstag, 24. August, um 20 Uhr bei einem Gala-Abend mit Arien, Duetten und Canzone auf dem Fuldaer Domplatz die Zuh\u00f6rer mitrei\u00dfen.<\/p>\n<p>Die Ausnahmek\u00fcnstlerin Sarah Connor hat sich mit ihrem ersten deutschsprachigen Album &#8220;Muttersprache&#8221; und der gleichnamigen Tour 2015\/16 vor einem Jahr neu erfunden und endg\u00fcltig ihre Vielseitigkeit unter Beweis gestellt. Die erste Single-Auskopplung &#8220;Wie sch\u00f6n Du bist&#8221; erreichte Platz 2 der deutschen Single-Charts und wurde mit Platin pr\u00e4miert. Sie kommt am Freitag, 25. August, nach Fulda auf den Domplatz.<\/p>\n<p>Mit \u201eMuttersprache\u201c ver\u00f6ffentlichte sie ein au\u00dfergew\u00f6hnliches, pers\u00f6nliches Album voller Songs, die \u00fcberraschen und ber\u00fchren. Durch Sarah Connors einzigartige Stimme klingen sie zugleich vertraut und doch neu und sind vielleicht zum ersten Mal wirklich hundertprozentig Sarah Connor. Auf Deutsch, authentisch, unterhaltsam und zugleich voller Bauchgef\u00fchl. \u201eMuttersprache\u201c h\u00e4lt sich seit mehr als einem Jahr in den offiziellen deutschen Album-Charts. \u00dcber 120.000 Besucher haben Sarah Conner bei ihren Erfolgstouren 2015 und 2016 schon begeistert gefeiert \u2013 im August wird die Ausnahmek\u00fcnstlerin die Songs von \u201eMuttersprache\u201c live auf dem Domplatz in Fulda pr\u00e4sentieren.<\/p>\n<p>Der Vorverkauf f\u00fcr beide Konzerte beginnt am Samstag, 12. November. Karten gibt es bei den Gesch\u00e4ftsstellen der Fuldaer Zeitung sowie bei allen bekannten Vorverkaufsstellen und online auf www.provinztour.de. Ticket-Hotline: (06 61) 280 644.<\/p>\n<p>Rollstuhlfahrerpl\u00e4tze und Eintrittskarten f\u00fcr Menschen mit Schwerbehinderung und der Notwendigkeit einer Begleitperson sind ausschlie\u00dflich bei Provinztour unter Tel. (07139) 547 oder ticket@provinztour erh\u00e4ltlich.<\/p>\n<p>Biografie Erwin Schrott<br \/>\nErwin Schrott wurde in Montevideo (Uruguay) geboren und hatte mit 22 Jahren seinen ersten Opernauftritt als Roucher in Andrea Ch\u00e9nier. Nachdem er bei Pl\u00e1cido Domingos \u201eOperalia\u201c Gesangswettbewerb 1998 den ersten Preis gewonnen hatte, begann sein kometenhafter Aufstieg zu internationalem Ruhm: Schrott deb\u00fctierte in rascher Folge an einem gro\u00dfen Opernhaus nach dem anderen. Er feierte Triumphe unter anderem an der Mail\u00e4nder Scala, der Metropolitan Opera in New York, der Op\u00e9ra National de Paris, der Washington National Opera, der Wiener Staatsoper, dem Teatro Col\u00c3\u00b3n in Buenos Aires, dem Royal Opera House, Covent Garden, dem Teatro del Maggio Musicale Fiorentino, der Hamburgischen Staatsoper, dem Th\u00e9\u00c3\u00a2tre royal de la Monnaie in Br\u00fcssel, dem Teatro Carlo Felice in Genua und der Los Angeles Opera.<\/p>\n","protected":false},"excerpt":{"rendered":"<div class=\"tmnf_excerpt\"><p>Die Fuldaer Domplatzkonzerte starten 2017 mit neuem Konzept: ein j\u00e4hrlicher Turnus und hochkar\u00e4tige Klassik-Highlights setzen neue Akzente f\u00fcr die beliebte Konzertreihe. Mit Bassbariton Erwin Schrott am Donnerstag, 24. August, und Sarah Connor am Freitag, 25. August, bringen Rolf Weinmann von der Konzertagentur Provinztour und die Stadt Fulda im n\u00e4chsten Jahr zwei musikalische H\u00f6hepunkte nach Fulda. &hellip;<\/p>\n<\/div>","protected":false},"author":1,"featured_media":157017,"comment_status":"closed","ping_status":"closed","sticky":false,"template":"","format":"standard","meta":{"footnotes":""},"categories":[1],"tags":[],"class_list":["post-157013","post","type-post","status-publish","format-standard","has-post-thumbnail","hentry","category-startseite"],"_links":{"self":[{"href":"https:\/\/www.fuldaernachrichten.de\/index.php?rest_route=\/wp\/v2\/posts\/157013","targetHints":{"allow":["GET"]}}],"collection":[{"href":"https:\/\/www.fuldaernachrichten.de\/index.php?rest_route=\/wp\/v2\/posts"}],"about":[{"href":"https:\/\/www.fuldaernachrichten.de\/index.php?rest_route=\/wp\/v2\/types\/post"}],"author":[{"embeddable":true,"href":"https:\/\/www.fuldaernachrichten.de\/index.php?rest_route=\/wp\/v2\/users\/1"}],"replies":[{"embeddable":true,"href":"https:\/\/www.fuldaernachrichten.de\/index.php?rest_route=%2Fwp%2Fv2%2Fcomments&post=157013"}],"version-history":[{"count":2,"href":"https:\/\/www.fuldaernachrichten.de\/index.php?rest_route=\/wp\/v2\/posts\/157013\/revisions"}],"predecessor-version":[{"id":157025,"href":"https:\/\/www.fuldaernachrichten.de\/index.php?rest_route=\/wp\/v2\/posts\/157013\/revisions\/157025"}],"wp:featuredmedia":[{"embeddable":true,"href":"https:\/\/www.fuldaernachrichten.de\/index.php?rest_route=\/wp\/v2\/media\/157017"}],"wp:attachment":[{"href":"https:\/\/www.fuldaernachrichten.de\/index.php?rest_route=%2Fwp%2Fv2%2Fmedia&parent=157013"}],"wp:term":[{"taxonomy":"category","embeddable":true,"href":"https:\/\/www.fuldaernachrichten.de\/index.php?rest_route=%2Fwp%2Fv2%2Fcategories&post=157013"},{"taxonomy":"post_tag","embeddable":true,"href":"https:\/\/www.fuldaernachrichten.de\/index.php?rest_route=%2Fwp%2Fv2%2Ftags&post=157013"}],"curies":[{"name":"wp","href":"https:\/\/api.w.org\/{rel}","templated":true}]}}