{"id":156996,"date":"2016-11-10T21:06:49","date_gmt":"2016-11-10T20:06:49","guid":{"rendered":"http:\/\/www.fuldaer-nachrichten.de\/?p=156996"},"modified":"2016-11-10T21:06:49","modified_gmt":"2016-11-10T20:06:49","slug":"ambinius-baum-bei-kaufhof-2","status":"publish","type":"post","link":"https:\/\/www.fuldaernachrichten.de\/?p=156996","title":{"rendered":"ambinius Baum bei Kaufhof"},"content":{"rendered":"<p><a href=\"http:\/\/www.fuldaer-nachrichten.de\/wp-content\/uploads\/2016\/11\/image003.jpg\"><img fetchpriority=\"high\" decoding=\"async\" class=\"alignleft size-thumbnail wp-image-156999\" src=\"http:\/\/www.fuldaer-nachrichten.de\/wp-content\/uploads\/2016\/11\/image003-265x398.jpg\" alt=\"image003\" width=\"265\" height=\"398\" srcset=\"https:\/\/www.fuldaernachrichten.de\/wp-content\/uploads\/2016\/11\/image003-265x398.jpg 265w, https:\/\/www.fuldaernachrichten.de\/wp-content\/uploads\/2016\/11\/image003-177x265.jpg 177w, https:\/\/www.fuldaernachrichten.de\/wp-content\/uploads\/2016\/11\/image003-768x1152.jpg 768w, https:\/\/www.fuldaernachrichten.de\/wp-content\/uploads\/2016\/11\/image003-400x600.jpg 400w, https:\/\/www.fuldaernachrichten.de\/wp-content\/uploads\/2016\/11\/image003.jpg 900w\" sizes=\"(max-width: 265px) 100vw, 265px\" \/><\/a>Alle Jahre wieder gibt es bei Galeria Kaufhof eine sch\u00f6ne Tradition: Die Wunschbaum Aktion. Die W\u00fcnsche in diesem Jahr gehen zu Gunsten des aktuellen Projekts der St. Antonius-Stiftung \u00e2\u20ac\u0161ambinius\u00e2\u20ac\u02dc. Dabei handelt es sich um ein innovatives und zukunftsweisendes Projekt, das durch vielf\u00e4ltige Begegnungen und Aktivit\u00e4ten die Gro\u00dfeltern- und Enkelgeneration zueinander bringt.<\/p>\n<p>Die Kinder der antonius KITA und einige Senioren haben sich \u00fcberlegt, was sie zuk\u00fcnftig f\u00fcr die Projekte ben\u00f6tigen, und dieses\u00c2\u00a0 auf den rund 200 Wunschzetteln niedergeschrieben: Brettspiele, B\u00fccher zum Vorlesen und allerhand mehr sind hier zusammen gekommen.<\/p>\n<p>Am Dienstag, 08.11.2016, wurde der \u201efr\u00fcheste Weihnachtsbaum im Jahr\u201c, wie Andreas Hoeser, Leiter antonius Bereich Kinder und Jugendliche, betonte, gemeinsam geschm\u00fcckt. Mit dabei war auch der Filial-Gesch\u00e4ftsf\u00fchrer von Galeria Kaufhof Fulda,\u00c2\u00a0 Robert Weber, dem die Aktion sichtlich Freude machte.\u00c2\u00a0 \u201eSchon zum zweiten Mal unterst\u00fctzen wir mit unserem Weihnachtsbaum das Projekt ambinius. Es ist nachhaltig, generationen\u00fcbergreifend und in der Region verankert.\u201c<br \/>\nKunden von Galeria Kaufhof, die einen Wunsch erf\u00fcllen m\u00f6chten, haben noch bis zum 20.12. die M\u00f6glichkeit, einen der Wunschzettel abzuh\u00e4ngen. Am 21.12. findet um 10:00 Uhr im Restaurant DINEA bei Galeria Kaufhof die Geschenk\u00fcbergabe statt, zu der alle Schenker herzlich eingeladen sind.<\/p>\n","protected":false},"excerpt":{"rendered":"<div class=\"tmnf_excerpt\"><p>Alle Jahre wieder gibt es bei Galeria Kaufhof eine sch\u00f6ne Tradition: Die Wunschbaum Aktion. Die W\u00fcnsche in diesem Jahr gehen zu Gunsten des aktuellen Projekts der St. Antonius-Stiftung \u00e2\u20ac\u0161ambinius\u00e2\u20ac\u02dc. Dabei handelt es sich um ein innovatives und zukunftsweisendes Projekt, das durch vielf\u00e4ltige Begegnungen und Aktivit\u00e4ten die Gro\u00dfeltern- und Enkelgeneration zueinander bringt. Die Kinder der antonius &hellip;<\/p>\n<\/div>","protected":false},"author":1,"featured_media":156998,"comment_status":"closed","ping_status":"closed","sticky":false,"template":"","format":"standard","meta":{"footnotes":""},"categories":[1],"tags":[],"class_list":["post-156996","post","type-post","status-publish","format-standard","has-post-thumbnail","hentry","category-startseite"],"_links":{"self":[{"href":"https:\/\/www.fuldaernachrichten.de\/index.php?rest_route=\/wp\/v2\/posts\/156996","targetHints":{"allow":["GET"]}}],"collection":[{"href":"https:\/\/www.fuldaernachrichten.de\/index.php?rest_route=\/wp\/v2\/posts"}],"about":[{"href":"https:\/\/www.fuldaernachrichten.de\/index.php?rest_route=\/wp\/v2\/types\/post"}],"author":[{"embeddable":true,"href":"https:\/\/www.fuldaernachrichten.de\/index.php?rest_route=\/wp\/v2\/users\/1"}],"replies":[{"embeddable":true,"href":"https:\/\/www.fuldaernachrichten.de\/index.php?rest_route=%2Fwp%2Fv2%2Fcomments&post=156996"}],"version-history":[{"count":1,"href":"https:\/\/www.fuldaernachrichten.de\/index.php?rest_route=\/wp\/v2\/posts\/156996\/revisions"}],"predecessor-version":[{"id":157000,"href":"https:\/\/www.fuldaernachrichten.de\/index.php?rest_route=\/wp\/v2\/posts\/156996\/revisions\/157000"}],"wp:featuredmedia":[{"embeddable":true,"href":"https:\/\/www.fuldaernachrichten.de\/index.php?rest_route=\/wp\/v2\/media\/156998"}],"wp:attachment":[{"href":"https:\/\/www.fuldaernachrichten.de\/index.php?rest_route=%2Fwp%2Fv2%2Fmedia&parent=156996"}],"wp:term":[{"taxonomy":"category","embeddable":true,"href":"https:\/\/www.fuldaernachrichten.de\/index.php?rest_route=%2Fwp%2Fv2%2Fcategories&post=156996"},{"taxonomy":"post_tag","embeddable":true,"href":"https:\/\/www.fuldaernachrichten.de\/index.php?rest_route=%2Fwp%2Fv2%2Ftags&post=156996"}],"curies":[{"name":"wp","href":"https:\/\/api.w.org\/{rel}","templated":true}]}}