{"id":156979,"date":"2016-11-10T21:04:16","date_gmt":"2016-11-10T20:04:16","guid":{"rendered":"http:\/\/www.fuldaer-nachrichten.de\/?p=156979"},"modified":"2016-11-10T21:04:16","modified_gmt":"2016-11-10T20:04:16","slug":"bio-rindfleisch-aus-der-region-sinnvoll-fuer-mensch-tier-und-natur","status":"publish","type":"post","link":"https:\/\/www.fuldaernachrichten.de\/?p=156979","title":{"rendered":"Bio-Rindfleisch aus der Region \u2013 sinnvoll f\u00fcr Mensch, Tier und Natur"},"content":{"rendered":"<p>\u201eUnsere Heimat schmecken: \u00f6kologisch \u2013 regional \u2013 nachhaltig\u201c. Unter diesem Motto steht die Bio-Rindfleischwoche vom 24. November bis 4. Dezember im Landkreis Fulda. Die Auftaktveranstaltung findet am Donnerstag, 24. November, ab 19 Uhr auf dem Biolandbetrieb Hartmann in Flieden statt.<\/p>\n<p>Die Bio-Rindfleischwoche geht auf eine Idee des Arbeitskreises Gastronomie und Tourismus der \u00d6ko-Modellregion zur\u00fcck. Der Arbeitskreis will damit f\u00fcr Rindfleisch aus \u00f6kologischer Landwirtschaft werben. Auf diese Weise sollen zus\u00e4tzliche Absatzwege aufgezeigt und Anreize f\u00fcr eine m\u00f6gliche Umstellung auf \u00f6kologischen Landbau gegeben werden. Derzeit gibt es im Landkreis Fulda rund 250 \u00d6ko-Betriebe, die zumeist sowohl Milchviehwirtschaft als auch Masttierhaltung betreiben. Die urspr\u00fcngliche Rinderrasse war Fleckvieh, heute gibt es aber viele Einkreuzungen.<\/p>\n<p>Beteiligte Betriebe<br \/>\nAn der Aktionswoche wirken acht Gastst\u00e4tten mit, die Gerichte mit regional erzeugtem Bio-Rindfleisch anbieten und das verwendete Fleisch von direktvermarktenden Landwirten beziehungsweise bio-zertifizierten Metzgereien beziehen: Dorfstube Rengersfeld in Gersfeld, Landhotel und Restaurant \u201eRh\u00f6nblick\u201c in Petersberg-Steinau, Rh\u00f6ner Landhotel \u201eHaus zur Wasserkuppe\u201c in Ehrenberg, Gasthaus \u201eZum Ochsen\u201c in Flieden, Landhotel \u201eZur gr\u00fcnen Kutte\u201c in Urnshausen, Stadtcafe in H\u00fcnfeld, Landhotel und Gasthof \u201eHohmann\u201c in Hilders sowie Landhaus Kehl in Tann-Lahrbach.<\/p>\n<p>Weitere Mitwirkende an der Bio-Rindfleischwoche sind willkommen und k\u00f6nnen sich unter Telefon (0661)6006-749 beziehungsweise E-Mail simone-mueller@landkreis-fulda.de melden. Nach Aussage der Verantwortlichen f\u00fcr die \u00d6ko-Modellregion Landkreis Fulda, Simone M\u00fcller, sei das Interesse an regional erzeugten Lebensmitteln gro\u00df, und die Rh\u00f6n und der Landkreis h\u00e4tten hier einiges zu bieten. \u201eMit der Bio-Rindfleischwoche wollen wir die breite \u00d6ffentlichkeit auf die Bedeutung der heimischen Landwirtschaft und der regional erzeugten Lebensmittel aufmerksam machen.\u201c<\/p>\n<p>Bei der Auftaktveranstaltung zur Aktionswoche am 24. November auf dem Biolandbetrieb Hartmann in Flieden wird der Bio-Caterer \u201eBankett Sinnreich\u201c die G\u00e4ste mit kulinarischen K\u00f6stlichkeiten vom Bio-Rind und anderen Leckereien versorgen. Dazu gibt es Informationen zur Rinderhaltung und praktische Tipps zur Verarbeitung. Eingeladen sind G\u00e4ste aus Politik und Wirtschaft sowie alle interessierten Menschen aus der Region. Wegen der begrenzten Platzzahl wird bis zum 15. November um Reservierung unter simone.mueller@landkreis-fulda.de gebeten.<\/p>\n<p>Die Projektmanagerin der \u00d6ko-Modellregion kann sich \u00e4hnliche Aktionen f\u00fcr andere regional erzeugte Lebensmittel vorstellen. Wichtig ist Simone M\u00fcller in diesem Zusammenhang, dass die hiesigen Betriebe die ihnen geb\u00fchrende Aufmerksamkeit und Anerkennung erfahren. Dies schlie\u00dfe eine angemessene Verg\u00fctung in Abh\u00e4ngigkeit von den spezifischen Produktionsbedingungen im \u00d6ko-Landbau ein. \u201eUnsere Landwirte liefern nicht nur hochwertige Erzeugnisse und pflegen die Kulturlandschaft, sondern sind Teil der regionalen Wertsch\u00f6pfungskette.\u201c<\/p>\n<p>Info<br \/>\nDer Landkreis Fulda ist als \u00d6ko-Modellregion vom Land Hessen anerkannt. Die \u00d6ko-Modellregion hat das Ziel, die Landwirtschaft im Landkreis vermehrt an den Werten des \u00f6kologischen Landbaus wie Ressourcenschutz, Nachhaltigkeit und regionale Lebensmittelerzeugung auszurichten und somit eine Modellregion in Hessen zu etablieren, die einen echten Mehrwert f\u00fcr die Region schafft \u2013 zum Wohl von Mensch, Tier und Natur. Infos auch unter www.landkreis-fulda.de.<\/p>\n","protected":false},"excerpt":{"rendered":"<div class=\"tmnf_excerpt\"><p>\u201eUnsere Heimat schmecken: \u00f6kologisch \u2013 regional \u2013 nachhaltig\u201c. Unter diesem Motto steht die Bio-Rindfleischwoche vom 24. November bis 4. Dezember im Landkreis Fulda. Die Auftaktveranstaltung findet am Donnerstag, 24. November, ab 19 Uhr auf dem Biolandbetrieb Hartmann in Flieden statt. Die Bio-Rindfleischwoche geht auf eine Idee des Arbeitskreises Gastronomie und Tourismus der \u00d6ko-Modellregion zur\u00fcck. Der &hellip;<\/p>\n<\/div>","protected":false},"author":1,"featured_media":156986,"comment_status":"closed","ping_status":"closed","sticky":false,"template":"","format":"standard","meta":{"footnotes":""},"categories":[1],"tags":[],"class_list":["post-156979","post","type-post","status-publish","format-standard","has-post-thumbnail","hentry","category-startseite"],"_links":{"self":[{"href":"https:\/\/www.fuldaernachrichten.de\/index.php?rest_route=\/wp\/v2\/posts\/156979","targetHints":{"allow":["GET"]}}],"collection":[{"href":"https:\/\/www.fuldaernachrichten.de\/index.php?rest_route=\/wp\/v2\/posts"}],"about":[{"href":"https:\/\/www.fuldaernachrichten.de\/index.php?rest_route=\/wp\/v2\/types\/post"}],"author":[{"embeddable":true,"href":"https:\/\/www.fuldaernachrichten.de\/index.php?rest_route=\/wp\/v2\/users\/1"}],"replies":[{"embeddable":true,"href":"https:\/\/www.fuldaernachrichten.de\/index.php?rest_route=%2Fwp%2Fv2%2Fcomments&post=156979"}],"version-history":[{"count":1,"href":"https:\/\/www.fuldaernachrichten.de\/index.php?rest_route=\/wp\/v2\/posts\/156979\/revisions"}],"predecessor-version":[{"id":156988,"href":"https:\/\/www.fuldaernachrichten.de\/index.php?rest_route=\/wp\/v2\/posts\/156979\/revisions\/156988"}],"wp:featuredmedia":[{"embeddable":true,"href":"https:\/\/www.fuldaernachrichten.de\/index.php?rest_route=\/wp\/v2\/media\/156986"}],"wp:attachment":[{"href":"https:\/\/www.fuldaernachrichten.de\/index.php?rest_route=%2Fwp%2Fv2%2Fmedia&parent=156979"}],"wp:term":[{"taxonomy":"category","embeddable":true,"href":"https:\/\/www.fuldaernachrichten.de\/index.php?rest_route=%2Fwp%2Fv2%2Fcategories&post=156979"},{"taxonomy":"post_tag","embeddable":true,"href":"https:\/\/www.fuldaernachrichten.de\/index.php?rest_route=%2Fwp%2Fv2%2Ftags&post=156979"}],"curies":[{"name":"wp","href":"https:\/\/api.w.org\/{rel}","templated":true}]}}