{"id":156975,"date":"2016-11-10T21:02:29","date_gmt":"2016-11-10T20:02:29","guid":{"rendered":"http:\/\/www.fuldaer-nachrichten.de\/?p=156975"},"modified":"2016-11-10T21:02:29","modified_gmt":"2016-11-10T20:02:29","slug":"27-jahre-fackelschwimmen-an-der-fuldaer-hornungsbruecke","status":"publish","type":"post","link":"https:\/\/www.fuldaernachrichten.de\/?p=156975","title":{"rendered":"&#8220;27 Jahre Fackelschwimmen an der Fuldaer Hornungsbr\u00fccke&#8221;"},"content":{"rendered":"<p>Eine Schwimmveranstaltung der ganz besonderen und verr\u00fcckten Art erleben die Fuldaer am Samstag den 03.12.2016 im Freien und hoffentlich unter Sternenhimmel. Um 18 Uhr starten die ca. 25 Taucher der Tauchsportgemeinschaft Fulda und befreundeter Vereine mit Unterst\u00fctzung der DLRG an der Hornungsbr\u00fccke \u00fcber der Fulda wieder ihr allj\u00e4hrliches Fackelschwimmen. Und das zum 27sten Mal!<\/p>\n<p>Gemeinsam geht es f\u00fcr die Schwimmer mit dem Vereinsbus zur Hornungsbr\u00fccke, von wo aus sie ihre 1000-Meter-Tour in der Fulda beginnen werden. Etwa 20 bis 30 Minuten lassen sich die Schwimmer von der Str\u00f6mung treiben, um am Ziel, der Bardobr\u00fccke, mit der noch brennenden Fackel wieder aus dem Wasser zu steigen.<br \/>\nBegleitet wird das Ereignis traditionell mit einem spektakul\u00e4rem Feuerspeier, einem wasserdichten Nikolaus der einen Sack voller S\u00fc\u00dfigkeiten f\u00fcr die Kinder mit sich f\u00fchrt und einen stimmungsvoll hell erleuchteten Tannenbaum. Abgerundet wird das ganze mit einem musikalischen Highlight der Landr\u00fccken Musikanten Veitsteinbach.<br \/>\nIm vergangenen Jahr waren etwa 200 Zuschauer dabei und haben die Schwimmer angefeuert. Ganz besonders sch\u00f6n wird es f\u00fcr diese nat\u00fcrlich, wenn die zu Besuch gekommenen Kinder ihre Laternen als Randbeleuchtung mitbringen \u2013 dann ist das Schwimmen in der mittlerweile eiskalten Fulda f\u00fcr die Taucher bestimmt nur halb so anstrengend.<\/p>\n<p>Und neben der seelischen St\u00e4rkung stehen f\u00fcr alle Teilnehmer und Zuschauer am Ziel warmer Orangensaft und Gl\u00fchwein sowie leckere Bratw\u00fcrstchen bereit.<\/p>\n","protected":false},"excerpt":{"rendered":"<div class=\"tmnf_excerpt\"><p>Eine Schwimmveranstaltung der ganz besonderen und verr\u00fcckten Art erleben die Fuldaer am Samstag den 03.12.2016 im Freien und hoffentlich unter Sternenhimmel. Um 18 Uhr starten die ca. 25 Taucher der Tauchsportgemeinschaft Fulda und befreundeter Vereine mit Unterst\u00fctzung der DLRG an der Hornungsbr\u00fccke \u00fcber der Fulda wieder ihr allj\u00e4hrliches Fackelschwimmen. Und das zum 27sten Mal! Gemeinsam &hellip;<\/p>\n<\/div>","protected":false},"author":1,"featured_media":156980,"comment_status":"closed","ping_status":"closed","sticky":false,"template":"","format":"standard","meta":{"footnotes":""},"categories":[1],"tags":[],"class_list":["post-156975","post","type-post","status-publish","format-standard","has-post-thumbnail","hentry","category-startseite"],"_links":{"self":[{"href":"https:\/\/www.fuldaernachrichten.de\/index.php?rest_route=\/wp\/v2\/posts\/156975","targetHints":{"allow":["GET"]}}],"collection":[{"href":"https:\/\/www.fuldaernachrichten.de\/index.php?rest_route=\/wp\/v2\/posts"}],"about":[{"href":"https:\/\/www.fuldaernachrichten.de\/index.php?rest_route=\/wp\/v2\/types\/post"}],"author":[{"embeddable":true,"href":"https:\/\/www.fuldaernachrichten.de\/index.php?rest_route=\/wp\/v2\/users\/1"}],"replies":[{"embeddable":true,"href":"https:\/\/www.fuldaernachrichten.de\/index.php?rest_route=%2Fwp%2Fv2%2Fcomments&post=156975"}],"version-history":[{"count":1,"href":"https:\/\/www.fuldaernachrichten.de\/index.php?rest_route=\/wp\/v2\/posts\/156975\/revisions"}],"predecessor-version":[{"id":156981,"href":"https:\/\/www.fuldaernachrichten.de\/index.php?rest_route=\/wp\/v2\/posts\/156975\/revisions\/156981"}],"wp:featuredmedia":[{"embeddable":true,"href":"https:\/\/www.fuldaernachrichten.de\/index.php?rest_route=\/wp\/v2\/media\/156980"}],"wp:attachment":[{"href":"https:\/\/www.fuldaernachrichten.de\/index.php?rest_route=%2Fwp%2Fv2%2Fmedia&parent=156975"}],"wp:term":[{"taxonomy":"category","embeddable":true,"href":"https:\/\/www.fuldaernachrichten.de\/index.php?rest_route=%2Fwp%2Fv2%2Fcategories&post=156975"},{"taxonomy":"post_tag","embeddable":true,"href":"https:\/\/www.fuldaernachrichten.de\/index.php?rest_route=%2Fwp%2Fv2%2Ftags&post=156975"}],"curies":[{"name":"wp","href":"https:\/\/api.w.org\/{rel}","templated":true}]}}