{"id":156969,"date":"2016-11-10T21:00:37","date_gmt":"2016-11-10T20:00:37","guid":{"rendered":"http:\/\/www.fuldaer-nachrichten.de\/?p=156969"},"modified":"2016-11-10T21:00:54","modified_gmt":"2016-11-10T20:00:54","slug":"156969","status":"publish","type":"post","link":"https:\/\/www.fuldaernachrichten.de\/?p=156969","title":{"rendered":"Die Filmtour \u201eAbenteuer Kajak\u201c macht Halt in Fulda"},"content":{"rendered":"<p><a href=\"http:\/\/www.fuldaer-nachrichten.de\/wp-content\/uploads\/2016\/11\/image002.jpg\"><img decoding=\"async\" class=\"alignleft size-thumbnail wp-image-156970\" src=\"http:\/\/www.fuldaer-nachrichten.de\/wp-content\/uploads\/2016\/11\/image002-265x177.jpg\" alt=\"image002\" width=\"265\" height=\"177\" srcset=\"https:\/\/www.fuldaernachrichten.de\/wp-content\/uploads\/2016\/11\/image002-265x177.jpg 265w, https:\/\/www.fuldaernachrichten.de\/wp-content\/uploads\/2016\/11\/image002-768x512.jpg 768w, https:\/\/www.fuldaernachrichten.de\/wp-content\/uploads\/2016\/11\/image002-600x400.jpg 600w, https:\/\/www.fuldaernachrichten.de\/wp-content\/uploads\/2016\/11\/image002.jpg 900w\" sizes=\"(max-width: 265px) 100vw, 265px\" \/><\/a>Am 11.11.16 pr\u00e4sentiert der Filmemacher, Abenteurer und Extrem-Paddler Olaf Obsommer sein neues Programm auf Gro\u00dfleinwand im Bootshaus des Kanu-Club Fulda. Auch ein Filmbeitrag von zwei Fuldaer Wildwasserkanuten ist dabei!<\/p>\n<p>Der Hauptfilm der Filmtour f\u00fchrt nach Nowergen. Das Team um Olaf Obsommer konnte im Sommer 2016 zwei mehrt\u00e4gige Wildwasser- Expeditionen im Norden des Landes bew\u00e4ltigen. Zugefrorene Seen und hohe Wasserst\u00e4nde der Fl\u00fcsse lie\u00dfen die Gruppe an ihre Leistungsgrenze sto\u00dfen \u2013 belohnt wurden sie jedoch mit atemberaubendem Wildwasser in einer grandiosen Kulisse. Zum Einsatz kam dabei auch eine Flugdrohne, die spektakul\u00e4re Action und wundersch\u00f6ne Landschaftsaufnahmen erm\u00f6glichte.<\/p>\n<p>Diese Tour war aber auch eine kleines Jubil\u00e4um f\u00fcr Olaf: seine zwanzigste Reise nach Norwegen. Grund genug in einem R\u00fcckblick \u00fcber die Faszination \u00c2\u00bbNorwegen\u00c2\u00ab zu philosophieren.<\/p>\n<p>Daneben gibt es noch weitere Kurzfilme: Neben einem kurzweilige Film, \u00fcber die Seenplatte in Mecklenburg Vorpommern zeigt Olaf Obsommer eine Reisedokumentation von den Fuldaer Kanuten Kaspar Zoth und Thilo Wietzke, die im Sommer sich mit Ihren Kajaks durch die Wildnis Sibiriens gek\u00e4mpft haben.<\/p>\n<p>Wie immer kommentiert Olaf mit einem zwinkernden Auge die Filme live.<br \/>\nF\u00fcr alle Kajakfans und Abenteurer ein Pflichttermin. Gute Unterhaltung garantiert und Gelegenheit, sich mit seinen Freunden zu treffen und zuk\u00fcnftige Abenteuer und Reisen zu planen.<\/p>\n<p>Karten gibt es im Vorverkauf f\u00fcr 10,- \u00e2\u201a\u00ac im Auf und Davon in der Karlstr. 33, 36037 Fulda oder an der Abendkasse (12,- \u00e2\u201a\u00ac).<\/p>\n<p>Termin:\u00e2\u20ac\u00a811.11.16<br \/>\n19:30 Uhr<\/p>\n<p>Kanu-Club Fulda<br \/>\nJustus-Schneider-Weg 17\u00e2\u20ac\u00a836039 Fulda<\/p>\n","protected":false},"excerpt":{"rendered":"<div class=\"tmnf_excerpt\"><p>Am 11.11.16 pr\u00e4sentiert der Filmemacher, Abenteurer und Extrem-Paddler Olaf Obsommer sein neues Programm auf Gro\u00dfleinwand im Bootshaus des Kanu-Club Fulda. Auch ein Filmbeitrag von zwei Fuldaer Wildwasserkanuten ist dabei! Der Hauptfilm der Filmtour f\u00fchrt nach Nowergen. Das Team um Olaf Obsommer konnte im Sommer 2016 zwei mehrt\u00e4gige Wildwasser- Expeditionen im Norden des Landes bew\u00e4ltigen. Zugefrorene &hellip;<\/p>\n<\/div>","protected":false},"author":1,"featured_media":156971,"comment_status":"closed","ping_status":"closed","sticky":false,"template":"","format":"standard","meta":{"footnotes":""},"categories":[1],"tags":[],"class_list":["post-156969","post","type-post","status-publish","format-standard","has-post-thumbnail","hentry","category-startseite"],"_links":{"self":[{"href":"https:\/\/www.fuldaernachrichten.de\/index.php?rest_route=\/wp\/v2\/posts\/156969","targetHints":{"allow":["GET"]}}],"collection":[{"href":"https:\/\/www.fuldaernachrichten.de\/index.php?rest_route=\/wp\/v2\/posts"}],"about":[{"href":"https:\/\/www.fuldaernachrichten.de\/index.php?rest_route=\/wp\/v2\/types\/post"}],"author":[{"embeddable":true,"href":"https:\/\/www.fuldaernachrichten.de\/index.php?rest_route=\/wp\/v2\/users\/1"}],"replies":[{"embeddable":true,"href":"https:\/\/www.fuldaernachrichten.de\/index.php?rest_route=%2Fwp%2Fv2%2Fcomments&post=156969"}],"version-history":[{"count":2,"href":"https:\/\/www.fuldaernachrichten.de\/index.php?rest_route=\/wp\/v2\/posts\/156969\/revisions"}],"predecessor-version":[{"id":156973,"href":"https:\/\/www.fuldaernachrichten.de\/index.php?rest_route=\/wp\/v2\/posts\/156969\/revisions\/156973"}],"wp:featuredmedia":[{"embeddable":true,"href":"https:\/\/www.fuldaernachrichten.de\/index.php?rest_route=\/wp\/v2\/media\/156971"}],"wp:attachment":[{"href":"https:\/\/www.fuldaernachrichten.de\/index.php?rest_route=%2Fwp%2Fv2%2Fmedia&parent=156969"}],"wp:term":[{"taxonomy":"category","embeddable":true,"href":"https:\/\/www.fuldaernachrichten.de\/index.php?rest_route=%2Fwp%2Fv2%2Fcategories&post=156969"},{"taxonomy":"post_tag","embeddable":true,"href":"https:\/\/www.fuldaernachrichten.de\/index.php?rest_route=%2Fwp%2Fv2%2Ftags&post=156969"}],"curies":[{"name":"wp","href":"https:\/\/api.w.org\/{rel}","templated":true}]}}