{"id":156965,"date":"2016-11-10T21:01:39","date_gmt":"2016-11-10T20:01:39","guid":{"rendered":"http:\/\/www.fuldaer-nachrichten.de\/?p=156965"},"modified":"2016-11-10T21:01:39","modified_gmt":"2016-11-10T20:01:39","slug":"seminar-in-lauterbach-dem-mobbing-keine-chance-geben","status":"publish","type":"post","link":"https:\/\/www.fuldaernachrichten.de\/?p=156965","title":{"rendered":"Seminar in Lauterbach: Dem Mobbing keine Chance geben"},"content":{"rendered":"<p>Mobbing ist in allen gesellschaftlichen Bereichen verbreitet und es geht uns alle an. Denn jede Andersartigkeit und Abweichung vom Durchschnitt f\u00fchrt zur Erh\u00f6hung des Risikos, zum Mobbingopfer zu werden. Und dies obwohl Individualit\u00e4t und Einzigartigkeit von Personen als Kapital verstanden und gef\u00f6rdert werden sollten. Kernfragen und Schwerpunkte des Seminars:<\/p>\n<p>Was tats\u00e4chlich ist Mobbing? Differenzierung von \u201enormalen\u201c Konflikten und Mobbingprozessen, Wie wird gemobbt? Wer wird gemobbt? Wer mobbt? Die schweigende Mehrheit, Wie kann Mobbing beendet werden? Bossing \u2013 wenn die Vorgesetzten mobben. Die Referentin Andrea Emig ist IT-Trainerin und Coach aus Wiesbaden.<\/p>\n<p>Das kostenfreie Seminar findet statt am Montag, 28. November, 18:30 \u2013 21:30 Uhr<br \/>\nim Sitzungssaal der Kreisverwaltung Lauterbach.<\/p>\n<p>Anmeldeschluss ist der 18. November,\u00c2\u00a0 Anmeldungen unter michaela.stefan@vogelsbergkreis.de oder 06641\/977-3411.<\/p>\n","protected":false},"excerpt":{"rendered":"<div class=\"tmnf_excerpt\"><p>Mobbing ist in allen gesellschaftlichen Bereichen verbreitet und es geht uns alle an. Denn jede Andersartigkeit und Abweichung vom Durchschnitt f\u00fchrt zur Erh\u00f6hung des Risikos, zum Mobbingopfer zu werden. Und dies obwohl Individualit\u00e4t und Einzigartigkeit von Personen als Kapital verstanden und gef\u00f6rdert werden sollten. Kernfragen und Schwerpunkte des Seminars: Was tats\u00e4chlich ist Mobbing? Differenzierung von &hellip;<\/p>\n<\/div>","protected":false},"author":1,"featured_media":0,"comment_status":"closed","ping_status":"closed","sticky":false,"template":"","format":"standard","meta":{"footnotes":""},"categories":[1],"tags":[],"class_list":["post-156965","post","type-post","status-publish","format-standard","hentry","category-startseite"],"_links":{"self":[{"href":"https:\/\/www.fuldaernachrichten.de\/index.php?rest_route=\/wp\/v2\/posts\/156965","targetHints":{"allow":["GET"]}}],"collection":[{"href":"https:\/\/www.fuldaernachrichten.de\/index.php?rest_route=\/wp\/v2\/posts"}],"about":[{"href":"https:\/\/www.fuldaernachrichten.de\/index.php?rest_route=\/wp\/v2\/types\/post"}],"author":[{"embeddable":true,"href":"https:\/\/www.fuldaernachrichten.de\/index.php?rest_route=\/wp\/v2\/users\/1"}],"replies":[{"embeddable":true,"href":"https:\/\/www.fuldaernachrichten.de\/index.php?rest_route=%2Fwp%2Fv2%2Fcomments&post=156965"}],"version-history":[{"count":1,"href":"https:\/\/www.fuldaernachrichten.de\/index.php?rest_route=\/wp\/v2\/posts\/156965\/revisions"}],"predecessor-version":[{"id":156978,"href":"https:\/\/www.fuldaernachrichten.de\/index.php?rest_route=\/wp\/v2\/posts\/156965\/revisions\/156978"}],"wp:attachment":[{"href":"https:\/\/www.fuldaernachrichten.de\/index.php?rest_route=%2Fwp%2Fv2%2Fmedia&parent=156965"}],"wp:term":[{"taxonomy":"category","embeddable":true,"href":"https:\/\/www.fuldaernachrichten.de\/index.php?rest_route=%2Fwp%2Fv2%2Fcategories&post=156965"},{"taxonomy":"post_tag","embeddable":true,"href":"https:\/\/www.fuldaernachrichten.de\/index.php?rest_route=%2Fwp%2Fv2%2Ftags&post=156965"}],"curies":[{"name":"wp","href":"https:\/\/api.w.org\/{rel}","templated":true}]}}