{"id":15694,"date":"2008-12-05T08:00:26","date_gmt":"2008-12-05T07:00:26","guid":{"rendered":"http:\/\/www.schoene-nachrichten.de\/?p=15694"},"modified":"2008-12-05T08:34:41","modified_gmt":"2008-12-05T07:34:41","slug":"commerzbankkalender-2009-bewirbt-die-rhoen","status":"publish","type":"post","link":"https:\/\/www.fuldaernachrichten.de\/?p=15694","title":{"rendered":"Commerzbankkalender 2009 bewirbt die Rh\u00f6n"},"content":{"rendered":"<p><strong>Rh\u00f6n.<\/strong> Druckfrisch liegt der Commerzbank-Bildkalender f\u00fcr das Jahr 2009 vor. Sein Thema: \u201eNationale Naturlandschaften\u201c. Der Kalender zeigt auf 12 Kalenderbl\u00e4ttern Aufnahmen aus den sch\u00f6nsten nationalen Naturlandschaften Deutschlands. Mit dabei sind die Nationalparke Bayerischer Wald, Nieders\u00e4chsisches Wattenmeer, Harz, Berchtesgaden aber auch das Biosph\u00e4renreservat Rh\u00f6n.<!--more--><br \/>\nMartin Kremer, Gesch\u00e4ftsf\u00fchrer des Vereins Natur- und Lebensraum Rh\u00f6n dankt der Commerzbank f\u00fcr diese herausragende Imagewerbung. Kremer macht deutlich: \u201eDies ist keine Eintagsfliege einer der renommiertesten Deutschen Banken sondern Teil eines langj\u00e4hrigen Engagements f\u00fcr die Deutschen Gro\u00dfschutzgebiete.\u201c<\/p>\n<p>Im Jahr 2009 feiern Europarc Deutschland und die Commerzbank ein au\u00dfergew\u00f6hnliches Sponsoring-Jubil\u00e4um. Seit 20 Jahren gibt es dann das \u201ePraktikum f\u00fcr die Umwelt\u201c, eines der exklusivsten Umweltpraktika, die in Deutschland angeboten werden, finanziert von der Commerzbank. Auch die Rh\u00f6n profitiert von diesem Sponsoringprogramm seit 1994. Rund 50 Praktikanten erhalten pro Jahr die einmalige Chance, ein bis zu sechsmonatiges bezahltes Praktikum in einem der sch\u00fctzenswertesten, aber auch bedrohtesten Lebensr\u00e4ume Deutschlands zu absolvieren. Kremer verweist darauf, dass gerade wieder die Ausschreibung f\u00fcr das Jahr 2009 l\u00e4uft.<\/p>\n<p><strong>Der dekorative Wandkalender 2009 \u201eNationale Naturlandschaften\u201c ist bei den Commerzbankfilialen erh\u00e4ltlich. <\/strong><\/p>\n","protected":false},"excerpt":{"rendered":"<div class=\"tmnf_excerpt\"><p>Rh\u00f6n. Druckfrisch liegt der Commerzbank-Bildkalender f\u00fcr das Jahr 2009 vor. Sein Thema: \u201eNationale Naturlandschaften\u201c. Der Kalender zeigt auf 12 Kalenderbl\u00e4ttern Aufnahmen aus den sch\u00f6nsten nationalen Naturlandschaften Deutschlands. Mit dabei sind die Nationalparke Bayerischer Wald, Nieders\u00e4chsisches Wattenmeer, Harz, Berchtesgaden aber auch das Biosph\u00e4renreservat Rh\u00f6n.<\/p>\n<\/div>","protected":false},"author":1,"featured_media":0,"comment_status":"closed","ping_status":"closed","sticky":false,"template":"","format":"standard","meta":{"footnotes":""},"categories":[1,52],"tags":[],"class_list":["post-15694","post","type-post","status-publish","format-standard","hentry","category-startseite","category-umwelt"],"_links":{"self":[{"href":"https:\/\/www.fuldaernachrichten.de\/index.php?rest_route=\/wp\/v2\/posts\/15694","targetHints":{"allow":["GET"]}}],"collection":[{"href":"https:\/\/www.fuldaernachrichten.de\/index.php?rest_route=\/wp\/v2\/posts"}],"about":[{"href":"https:\/\/www.fuldaernachrichten.de\/index.php?rest_route=\/wp\/v2\/types\/post"}],"author":[{"embeddable":true,"href":"https:\/\/www.fuldaernachrichten.de\/index.php?rest_route=\/wp\/v2\/users\/1"}],"replies":[{"embeddable":true,"href":"https:\/\/www.fuldaernachrichten.de\/index.php?rest_route=%2Fwp%2Fv2%2Fcomments&post=15694"}],"version-history":[{"count":2,"href":"https:\/\/www.fuldaernachrichten.de\/index.php?rest_route=\/wp\/v2\/posts\/15694\/revisions"}],"predecessor-version":[{"id":15715,"href":"https:\/\/www.fuldaernachrichten.de\/index.php?rest_route=\/wp\/v2\/posts\/15694\/revisions\/15715"}],"wp:attachment":[{"href":"https:\/\/www.fuldaernachrichten.de\/index.php?rest_route=%2Fwp%2Fv2%2Fmedia&parent=15694"}],"wp:term":[{"taxonomy":"category","embeddable":true,"href":"https:\/\/www.fuldaernachrichten.de\/index.php?rest_route=%2Fwp%2Fv2%2Fcategories&post=15694"},{"taxonomy":"post_tag","embeddable":true,"href":"https:\/\/www.fuldaernachrichten.de\/index.php?rest_route=%2Fwp%2Fv2%2Ftags&post=15694"}],"curies":[{"name":"wp","href":"https:\/\/api.w.org\/{rel}","templated":true}]}}