{"id":156929,"date":"2016-11-09T09:45:38","date_gmt":"2016-11-09T08:45:38","guid":{"rendered":"http:\/\/www.fuldaer-nachrichten.de\/?p=156929"},"modified":"2016-11-09T09:45:38","modified_gmt":"2016-11-09T08:45:38","slug":"neue-gelbe-tonnen-in-stadt-und-landkreis-fulda","status":"publish","type":"post","link":"https:\/\/www.fuldaernachrichten.de\/?p=156929","title":{"rendered":"Neue Gelbe Tonnen in Stadt und Landkreis Fulda"},"content":{"rendered":"<p>Ab 1. Januar 2017 wird ein neues Entsorgungsunternehmen die Gelben Tonnen\/Gelben S\u00e4cke in allen St\u00e4dten und Gemeinden des Landkreises Fulda abfahren. Die Firma \u201eKnettenbrech + Gurdulic Service GmbH &amp; Co. KG\u201c aus Wiesbaden \u00fcbernimmt den Abfuhrauftrag zum Jahreswechsel von dem bisher t\u00e4tigen Entsorgungsunternehmen \u201eSUEZ Mitte GmbH &amp; Co. KG\u201c.<\/p>\n<p>Bereits in 1992 hatte der Gesetzgeber die Sammlung und Entsorgung von Verpackungs-abf\u00e4llen ausschlie\u00dflich in die H\u00e4nde der privaten Entsorgungswirtschaft gelegt. Deutschlandweit sind derzeit hierf\u00fcr zehn verschiedene sogenannte \u201eDuale Systeme\u201c \u2013 f\u00fcr den Landkreis Fulda die \u201eBellandVision GmbH\u201c mit Sitz in Pegnitz \u2013 verantwortlich. Sie finanzieren sich und die von ihnen beauftragten Entsorgungsleistungen \u00fcber Lizenzentgelte, die jeder B\u00fcrger bereits beim Kauf eines Produktes (z.B. Joghurt) f\u00fcr die Entsorgung der Verpackung mitbezahlt.<\/p>\n<p>Die \u201eBellandVision GmbH\u201c hat im Fr\u00fchjahr\/Sommer diesen Jahres f\u00fcr die Abfuhrleistung der Gelben Tonne\/Gelben S\u00e4cke im Gebiet des Landkreises Fulda neue Angebote auf dem Entsorgungsmarkt eingeholt. Nach Vorliegen aller Angebote hat sie im September den g\u00fcnstigsten Anbieter, das Entsorgungsunternehmen \u201eKnettenbrech + Gurdulic Service GmbH &amp; Co. KG\u201c, mit der Sammlung ab Januar 2017 beauftragt.<\/p>\n<p>Zur Sammlung von Verpackungsabf\u00e4llen aus Kunststoff, Metall und Materialverbunden in Stadt und Landkreis Fulda sind aktuell mehr als 56.000 Gelbe Tonnen im Einsatz. Sie befinden sich im Eigentum des derzeitigen Entsorgungsunternehmens \u201eSuez Mitte GmbH &amp; Co. KG\u201c, das seine Gef\u00e4\u00dfe zum Vertragsende zur\u00fccknehmen wird. Sie stammen teils noch aus der Einf\u00fchrungsphase der Verpackungsabfallsammlung in 1992 und sind somit schon \u00fcber 20 Jahre alt.<\/p>\n<p>Das von der \u201eBellandvision GmbH\u201c neu beauftragte Entsorgungsunternehmen wird zur k\u00fcnftigen Sammlung in K\u00fcrze neue Gelbe Tonnen austeilen. Ebenso wie Restm\u00fcll-Tonnen, Bio-Tonnen und Altpapier-Tonnen werden die neuen Gef\u00e4\u00dfe zur Service-Verbesserung auch mit Transpondern und Barcode-Aufklebern ausgestattet. Die Umtauschphase soll bis zum Jahresende abgeschlossen sein. Alternativ zur Gelben Tonne k\u00f6nnen Verpackungsabf\u00e4lle auch weiterhin in Gelben S\u00e4cken gesammelt und zur Abfuhr bereitgestellt werden.<\/p>\n<p>\u00dcber den Beginn der Verteilung der neuen Gelben Tonnen und der Abholung der alten Gef\u00e4\u00dfe wird rechtzeitig informiert.<\/p>\n","protected":false},"excerpt":{"rendered":"<div class=\"tmnf_excerpt\"><p>Ab 1. Januar 2017 wird ein neues Entsorgungsunternehmen die Gelben Tonnen\/Gelben S\u00e4cke in allen St\u00e4dten und Gemeinden des Landkreises Fulda abfahren. Die Firma \u201eKnettenbrech + Gurdulic Service GmbH &amp; Co. KG\u201c aus Wiesbaden \u00fcbernimmt den Abfuhrauftrag zum Jahreswechsel von dem bisher t\u00e4tigen Entsorgungsunternehmen \u201eSUEZ Mitte GmbH &amp; Co. KG\u201c. Bereits in 1992 hatte der Gesetzgeber &hellip;<\/p>\n<\/div>","protected":false},"author":1,"featured_media":156938,"comment_status":"closed","ping_status":"closed","sticky":false,"template":"","format":"standard","meta":{"footnotes":""},"categories":[1],"tags":[],"class_list":["post-156929","post","type-post","status-publish","format-standard","has-post-thumbnail","hentry","category-startseite"],"_links":{"self":[{"href":"https:\/\/www.fuldaernachrichten.de\/index.php?rest_route=\/wp\/v2\/posts\/156929","targetHints":{"allow":["GET"]}}],"collection":[{"href":"https:\/\/www.fuldaernachrichten.de\/index.php?rest_route=\/wp\/v2\/posts"}],"about":[{"href":"https:\/\/www.fuldaernachrichten.de\/index.php?rest_route=\/wp\/v2\/types\/post"}],"author":[{"embeddable":true,"href":"https:\/\/www.fuldaernachrichten.de\/index.php?rest_route=\/wp\/v2\/users\/1"}],"replies":[{"embeddable":true,"href":"https:\/\/www.fuldaernachrichten.de\/index.php?rest_route=%2Fwp%2Fv2%2Fcomments&post=156929"}],"version-history":[{"count":1,"href":"https:\/\/www.fuldaernachrichten.de\/index.php?rest_route=\/wp\/v2\/posts\/156929\/revisions"}],"predecessor-version":[{"id":156939,"href":"https:\/\/www.fuldaernachrichten.de\/index.php?rest_route=\/wp\/v2\/posts\/156929\/revisions\/156939"}],"wp:featuredmedia":[{"embeddable":true,"href":"https:\/\/www.fuldaernachrichten.de\/index.php?rest_route=\/wp\/v2\/media\/156938"}],"wp:attachment":[{"href":"https:\/\/www.fuldaernachrichten.de\/index.php?rest_route=%2Fwp%2Fv2%2Fmedia&parent=156929"}],"wp:term":[{"taxonomy":"category","embeddable":true,"href":"https:\/\/www.fuldaernachrichten.de\/index.php?rest_route=%2Fwp%2Fv2%2Fcategories&post=156929"},{"taxonomy":"post_tag","embeddable":true,"href":"https:\/\/www.fuldaernachrichten.de\/index.php?rest_route=%2Fwp%2Fv2%2Ftags&post=156929"}],"curies":[{"name":"wp","href":"https:\/\/api.w.org\/{rel}","templated":true}]}}