{"id":156909,"date":"2016-11-09T09:38:19","date_gmt":"2016-11-09T08:38:19","guid":{"rendered":"http:\/\/www.fuldaer-nachrichten.de\/?p=156909"},"modified":"2016-11-09T09:38:19","modified_gmt":"2016-11-09T08:38:19","slug":"schueler-gastrowettbewerb-heimat-geht-in-die-endphase","status":"publish","type":"post","link":"https:\/\/www.fuldaernachrichten.de\/?p=156909","title":{"rendered":"Sch\u00fcler-Gastrowettbewerb \u201eHeimat\u201c geht in die Endphase"},"content":{"rendered":"<p>Einen Tisch gekonnt eindecken, hinter die K\u00fcchen-Kulissen schauen und in pers\u00f6nlichen Gespr\u00e4chen vielf\u00e4ltige Infos erhalten \u2013 das steht im Blickpunkt des zweiten Fuldaer Ausbildungsevents \u201eGastro-Berufe\u201c am Freitag, 18. November. Initiatoren sind wie auch im vergangenen Jahr DEHOGA, IHK, Wehner Groma, Rh\u00f6ner Charme, Verein der K\u00f6che, Eduard-Stieler-Schule, Fehrmann und Frucht Hartmann.<\/p>\n<p>Verbunden mit dieser Veranstaltung in den Lehrr\u00e4umen der Eduard-Stieler-Schule ist der Sch\u00fclerwettbewerb \u201eHeimat\u201c, deren Sieger ebenfalls an diesem Tag ermittelt werden. Bereits im Vorfeld galt es f\u00fcr die beteiligten Schulklassen und dazu geh\u00f6ren die Private Realschule Fulda, die Johannes-Hack-Schule Petersberg, die Rh\u00f6nschule Gersfeld und die Anne-Frank-Schule Gersfeld, einen Brotzeitteller mit Rh\u00f6ner Spezialit\u00e4ten kreativ zu gestalten. In einem Zeitlimit von einer Stunde galt es, den bunt gemischten Warenkorb in einen ansprechenden Teller zu verwandeln. Diese Arrangements wurden allesamt fotografisch in Szene gesetzt und k\u00f6nnen noch bis zum Freitag, 18.11. \u00fcber www.facebook.com\/projektheimat geliked werden. Die Schulklasse, die die meisten Stimmen auf sich vereinen kann, ist klar im Vorteil. Doch dar\u00fcber hinaus m\u00fcssen am Veranstaltungstag vor einer Fachjury knifflige Fragen beantwortet werden. Dazu geh\u00f6ren Geschmacks- und Sensorikproben. Mit verbundenen Augen m\u00fcssen die Sch\u00fcler Lebensmittel und Gew\u00fcrze erkennen. Und ganz dem Motto \u201eHeimat\u201c entsprechend sollten den Jugendlichen touristische Highlights der Region Osthessen bekannt sein. \u00dcbrigens: Den Erstplatzierten winkt ein Food-Package f\u00fcr eine Klassenfeier.<\/p>\n<p>BU: Teilaufgabe des Wettbewerbs \u201eHeimat\u201c: Beim Herrichten der Rh\u00f6ner Brotzeitteller ist Kreativit\u00e4t gefragt.<\/p>\n","protected":false},"excerpt":{"rendered":"<div class=\"tmnf_excerpt\"><p>Einen Tisch gekonnt eindecken, hinter die K\u00fcchen-Kulissen schauen und in pers\u00f6nlichen Gespr\u00e4chen vielf\u00e4ltige Infos erhalten \u2013 das steht im Blickpunkt des zweiten Fuldaer Ausbildungsevents \u201eGastro-Berufe\u201c am Freitag, 18. November. Initiatoren sind wie auch im vergangenen Jahr DEHOGA, IHK, Wehner Groma, Rh\u00f6ner Charme, Verein der K\u00f6che, Eduard-Stieler-Schule, Fehrmann und Frucht Hartmann. Verbunden mit dieser Veranstaltung in &hellip;<\/p>\n<\/div>","protected":false},"author":1,"featured_media":156916,"comment_status":"closed","ping_status":"closed","sticky":false,"template":"","format":"standard","meta":{"footnotes":""},"categories":[1],"tags":[],"class_list":["post-156909","post","type-post","status-publish","format-standard","has-post-thumbnail","hentry","category-startseite"],"_links":{"self":[{"href":"https:\/\/www.fuldaernachrichten.de\/index.php?rest_route=\/wp\/v2\/posts\/156909","targetHints":{"allow":["GET"]}}],"collection":[{"href":"https:\/\/www.fuldaernachrichten.de\/index.php?rest_route=\/wp\/v2\/posts"}],"about":[{"href":"https:\/\/www.fuldaernachrichten.de\/index.php?rest_route=\/wp\/v2\/types\/post"}],"author":[{"embeddable":true,"href":"https:\/\/www.fuldaernachrichten.de\/index.php?rest_route=\/wp\/v2\/users\/1"}],"replies":[{"embeddable":true,"href":"https:\/\/www.fuldaernachrichten.de\/index.php?rest_route=%2Fwp%2Fv2%2Fcomments&post=156909"}],"version-history":[{"count":1,"href":"https:\/\/www.fuldaernachrichten.de\/index.php?rest_route=\/wp\/v2\/posts\/156909\/revisions"}],"predecessor-version":[{"id":156917,"href":"https:\/\/www.fuldaernachrichten.de\/index.php?rest_route=\/wp\/v2\/posts\/156909\/revisions\/156917"}],"wp:featuredmedia":[{"embeddable":true,"href":"https:\/\/www.fuldaernachrichten.de\/index.php?rest_route=\/wp\/v2\/media\/156916"}],"wp:attachment":[{"href":"https:\/\/www.fuldaernachrichten.de\/index.php?rest_route=%2Fwp%2Fv2%2Fmedia&parent=156909"}],"wp:term":[{"taxonomy":"category","embeddable":true,"href":"https:\/\/www.fuldaernachrichten.de\/index.php?rest_route=%2Fwp%2Fv2%2Fcategories&post=156909"},{"taxonomy":"post_tag","embeddable":true,"href":"https:\/\/www.fuldaernachrichten.de\/index.php?rest_route=%2Fwp%2Fv2%2Ftags&post=156909"}],"curies":[{"name":"wp","href":"https:\/\/api.w.org\/{rel}","templated":true}]}}