{"id":156901,"date":"2016-11-09T09:35:51","date_gmt":"2016-11-09T08:35:51","guid":{"rendered":"http:\/\/www.fuldaer-nachrichten.de\/?p=156901"},"modified":"2016-11-09T09:35:51","modified_gmt":"2016-11-09T08:35:51","slug":"autismus-erkennen-mit-autisten-umgehen","status":"publish","type":"post","link":"https:\/\/www.fuldaernachrichten.de\/?p=156901","title":{"rendered":"Autismus erkennen \u2013 mit Autisten umgehen"},"content":{"rendered":"<p>Autismus ist ein Sammelbegriff f\u00fcr verschiedene St\u00f6rungen. Kernmerkmale sind Beeintr\u00e4chtigungen in der sozialen Interaktion und\u00c2\u00a0 im Kommunikationsverhalten sowie ein eingeschr\u00e4nktes Repertoire an Interessen und Aktivit\u00e4ten.<br \/>\nUm Ehrenamtliche f\u00fcr autistische Auff\u00e4lligkeiten zu sensibilisieren, l\u00e4dt der Sozialdienst katholischer Frauen Fulda am Donnerstag, den 10. November 2016, von 17:00 bis 19:00 Uhr zu einem Vortrag mit der Diplom-Soz.-P\u00e4d. Nelly Jourdant ein. Sie wird in das St\u00f6rungsbild Autismus einf\u00fchren und wertvolle Hinweise zum Umgang mit Autisten und Autistinnen vermitteln. St\u00f6rungen aus dem autistischen Spektrum treten bei etwa sechs bis sieben von 1000 Menschen auf. \u201eDie Auff\u00e4lligkeiten beginnen alle in der fr\u00fchen Kindheit. Eine Heilung gibt es nicht. Viele autistische Kinder\u201c, so Jourdant, \u201ebeharren zwanghaft auf Ritualen oder einer bestimmten Ordnung, sie wiederholen unz\u00e4hlige Male feste Muster.\u201c<br \/>\nVeranstaltungsort ist der SkF-Seminarraum in Fulda, Karlstra\u00dfe 30, direkt gegen\u00fcber der Kultkneipe KROKODIL. (Anmeldung und Info: Fachstelle Ehrenamt, 0661\/839455 oder 0661\/839410 und schneider@skf-fulda.de)<\/p>\n","protected":false},"excerpt":{"rendered":"<div class=\"tmnf_excerpt\"><p>Autismus ist ein Sammelbegriff f\u00fcr verschiedene St\u00f6rungen. Kernmerkmale sind Beeintr\u00e4chtigungen in der sozialen Interaktion und\u00c2\u00a0 im Kommunikationsverhalten sowie ein eingeschr\u00e4nktes Repertoire an Interessen und Aktivit\u00e4ten. Um Ehrenamtliche f\u00fcr autistische Auff\u00e4lligkeiten zu sensibilisieren, l\u00e4dt der Sozialdienst katholischer Frauen Fulda am Donnerstag, den 10. November 2016, von 17:00 bis 19:00 Uhr zu einem Vortrag mit der Diplom-Soz.-P\u00e4d. &hellip;<\/p>\n<\/div>","protected":false},"author":1,"featured_media":0,"comment_status":"closed","ping_status":"closed","sticky":false,"template":"","format":"standard","meta":{"footnotes":""},"categories":[1],"tags":[],"class_list":["post-156901","post","type-post","status-publish","format-standard","hentry","category-startseite"],"_links":{"self":[{"href":"https:\/\/www.fuldaernachrichten.de\/index.php?rest_route=\/wp\/v2\/posts\/156901","targetHints":{"allow":["GET"]}}],"collection":[{"href":"https:\/\/www.fuldaernachrichten.de\/index.php?rest_route=\/wp\/v2\/posts"}],"about":[{"href":"https:\/\/www.fuldaernachrichten.de\/index.php?rest_route=\/wp\/v2\/types\/post"}],"author":[{"embeddable":true,"href":"https:\/\/www.fuldaernachrichten.de\/index.php?rest_route=\/wp\/v2\/users\/1"}],"replies":[{"embeddable":true,"href":"https:\/\/www.fuldaernachrichten.de\/index.php?rest_route=%2Fwp%2Fv2%2Fcomments&post=156901"}],"version-history":[{"count":1,"href":"https:\/\/www.fuldaernachrichten.de\/index.php?rest_route=\/wp\/v2\/posts\/156901\/revisions"}],"predecessor-version":[{"id":156908,"href":"https:\/\/www.fuldaernachrichten.de\/index.php?rest_route=\/wp\/v2\/posts\/156901\/revisions\/156908"}],"wp:attachment":[{"href":"https:\/\/www.fuldaernachrichten.de\/index.php?rest_route=%2Fwp%2Fv2%2Fmedia&parent=156901"}],"wp:term":[{"taxonomy":"category","embeddable":true,"href":"https:\/\/www.fuldaernachrichten.de\/index.php?rest_route=%2Fwp%2Fv2%2Fcategories&post=156901"},{"taxonomy":"post_tag","embeddable":true,"href":"https:\/\/www.fuldaernachrichten.de\/index.php?rest_route=%2Fwp%2Fv2%2Ftags&post=156901"}],"curies":[{"name":"wp","href":"https:\/\/api.w.org\/{rel}","templated":true}]}}