{"id":156885,"date":"2016-11-09T09:33:22","date_gmt":"2016-11-09T08:33:22","guid":{"rendered":"http:\/\/www.fuldaer-nachrichten.de\/?p=156885"},"modified":"2016-11-09T09:33:22","modified_gmt":"2016-11-09T08:33:22","slug":"husten-und-schnupfen-sollten-nicht-vorschnell-als-harmlose-erkaeltung-abgetan-werden-ursache-hierfuer-kann-auch-eine-hausstaubmilbenallergie-sein","status":"publish","type":"post","link":"https:\/\/www.fuldaernachrichten.de\/?p=156885","title":{"rendered":"Husten und Schnupfen sollten nicht vorschnell als harmlose Erk\u00e4ltung abgetan werden. Ursache hierf\u00fcr kann auch eine Hausstaubmilbenallergie sein."},"content":{"rendered":"<p>Eine verstopfte Nase, ger\u00f6tete Augen und Husten \u2013 diese Symptome geh\u00f6ren f\u00fcr viele Menschen zur kalten Jahreszeit wie nasses Laub auf den Gehwegen. Insbesondere in den Monaten von September bis M\u00e4rz verbreiten sich Erk\u00e4ltungsviren schnell. Doch Experten weisen darauf hin, dass diese Symptome nicht vorschnell beurteilt werden sollten. Denn die typischen Kennzeichen einer infekti\u00f6sen Atemwegserkrankung \u00e4hneln denen einer Hausstaubmilbenallergie. Auch besteht infolge der chronischen allergischen Entz\u00fcndung der oberen Atemwege eine erh\u00f6hte Anf\u00e4lligkeit f\u00fcr Infekte. Franziska Ru\u00c3\u00abff, Professorin an der Ludwig-Maximilians Universit\u00e4t in M\u00fcnchen und Expertin f\u00fcr Allergologie, sagt: \u201eBestehen chronische Beschwerden wie eine behinderte Nasenatmung und kommt es dann wiederholt zu Schnupfen oder Nasennebenh\u00f6hlenentz\u00fcndungen, sollte auf alle F\u00e4lle an eine zugrundeliegende Hausstaubmilbenallergie gedacht werden.\u201c<\/p>\n<p>Denn rund 10 Prozent aller Deutschen reagieren allergisch auf die Allergene der Milben, die sich fast \u00fcberall dort tummeln, wo nicht gerade frisch geputzt ist. Damit steht die Hausstaubmilbenallergie nach Sch\u00e4tzungen des Deutschen Allergie- und Asthmabundes (DAAB) auf Platz eins der h\u00e4ufigsten Allergien. Die Belastung f\u00fcr Allergiker erh\u00f6ht sich jetzt im Herbst: Es wird mehr geheizt, die Raumluft ist trockener, die Milben sterben ab und setzen beim Zerfallen zus\u00e4tzliche Allergene frei. Die Heizungsluft wirbelt den allergenhaltigen Staub auf. Der Allergiker reagiert mit Niesanf\u00e4llen, Schnupfen und Husten. Das halten viele zun\u00e4chst f\u00fcr eine Erk\u00e4ltung. Dabei sind die Auswirkungen einer Hausstaubmilbenallergie viel drastischer. \u201eAllergien k\u00f6nnen Menschen an ihre k\u00f6rperlichen und psychischen Grenzen bringen\u201c, sagt Franziska Ru\u00c3\u00abff. \u201eDadurch wird die Lebensqualit\u00e4t erheblich beeintr\u00e4chtigt.\u201c<\/p>\n<p>Allergische Erkrankungen k\u00f6nnen jeden treffen und in jedem Lebensalter entstehen. Dabei ist nachzuvollziehen, dass Menschen Ver\u00e4nderungen ihrer Gesundheit und Lebensqualit\u00e4t nicht immer gleich Allergien zuordnen. Gewissheit gibt hier nur ein Allergie-Test beim allergologisch erfahrenen Arzt, zum Beispiel einem Haut- oder Hals-Nasen-Ohren-Arzt. Der kann nach der Diagnose eine m\u00f6gliche Therapie einleiten. Die einzige Behandlung, die die Ursache bek\u00e4mpft, ist eine spezifische Immuntherapie, auch Hyposensibilisierung genannt. Sie wird von der Weltgesundheitsorganisation WHO zur Behandlung von Allergien empfohlen.<\/p>\n<p>Die Allergologin Ru\u00c3\u00abff erkl\u00e4rt: \u201eDie Hyposensibilisierung bringt das Immunsystem wieder ins Gleichgewicht.\u201c Hinter einer Allergie steckt eine fehlgeleitete Abwehrreaktion des Immunsystems auf das Allergen, wie zum Beispiel die Zerfallsprodukte und Exkremente der Hausstaubmilbe. Bei der Hyposensibilisierung erh\u00e4lt der Allergiker etwa drei Jahre lang das Allergen, auf das er reagiert, in Form von Spritzen, Tabletten oder Tropfen. Die Spritzen bekommt er beim Arzt, Tropfen oder Tabletten kann er zu Hause einnehmen. Wichtig ist, dass der Arzt ein Pr\u00e4parat ausw\u00e4hlt, f\u00fcr das die Wirksamkeit in Studien belegt wurde. Durch die regelm\u00e4\u00dfige Verabreichung des Allergens lernt das Immunsystem des Betroffenen nach und nach, die Hausstaubmilbe nicht mehr als Gefahr wahrzunehmen. Mit einer Hyposensibilisierung kann man nicht nur die l\u00e4stigen Symptome wie Schnupfen, Husten und M\u00fcdigkeit bek\u00e4mpfen, sondern setzt an der Ursache an. Die Kosten f\u00fcr diese Behandlung werden von den privaten und gesetzlichen Krankenkassen \u00fcbernommen.<\/p>\n","protected":false},"excerpt":{"rendered":"<div class=\"tmnf_excerpt\"><p>Eine verstopfte Nase, ger\u00f6tete Augen und Husten \u2013 diese Symptome geh\u00f6ren f\u00fcr viele Menschen zur kalten Jahreszeit wie nasses Laub auf den Gehwegen. Insbesondere in den Monaten von September bis M\u00e4rz verbreiten sich Erk\u00e4ltungsviren schnell. Doch Experten weisen darauf hin, dass diese Symptome nicht vorschnell beurteilt werden sollten. Denn die typischen Kennzeichen einer infekti\u00f6sen Atemwegserkrankung &hellip;<\/p>\n<\/div>","protected":false},"author":1,"featured_media":156893,"comment_status":"closed","ping_status":"closed","sticky":false,"template":"","format":"standard","meta":{"footnotes":""},"categories":[1],"tags":[],"class_list":["post-156885","post","type-post","status-publish","format-standard","has-post-thumbnail","hentry","category-startseite"],"_links":{"self":[{"href":"https:\/\/www.fuldaernachrichten.de\/index.php?rest_route=\/wp\/v2\/posts\/156885","targetHints":{"allow":["GET"]}}],"collection":[{"href":"https:\/\/www.fuldaernachrichten.de\/index.php?rest_route=\/wp\/v2\/posts"}],"about":[{"href":"https:\/\/www.fuldaernachrichten.de\/index.php?rest_route=\/wp\/v2\/types\/post"}],"author":[{"embeddable":true,"href":"https:\/\/www.fuldaernachrichten.de\/index.php?rest_route=\/wp\/v2\/users\/1"}],"replies":[{"embeddable":true,"href":"https:\/\/www.fuldaernachrichten.de\/index.php?rest_route=%2Fwp%2Fv2%2Fcomments&post=156885"}],"version-history":[{"count":1,"href":"https:\/\/www.fuldaernachrichten.de\/index.php?rest_route=\/wp\/v2\/posts\/156885\/revisions"}],"predecessor-version":[{"id":156894,"href":"https:\/\/www.fuldaernachrichten.de\/index.php?rest_route=\/wp\/v2\/posts\/156885\/revisions\/156894"}],"wp:featuredmedia":[{"embeddable":true,"href":"https:\/\/www.fuldaernachrichten.de\/index.php?rest_route=\/wp\/v2\/media\/156893"}],"wp:attachment":[{"href":"https:\/\/www.fuldaernachrichten.de\/index.php?rest_route=%2Fwp%2Fv2%2Fmedia&parent=156885"}],"wp:term":[{"taxonomy":"category","embeddable":true,"href":"https:\/\/www.fuldaernachrichten.de\/index.php?rest_route=%2Fwp%2Fv2%2Fcategories&post=156885"},{"taxonomy":"post_tag","embeddable":true,"href":"https:\/\/www.fuldaernachrichten.de\/index.php?rest_route=%2Fwp%2Fv2%2Ftags&post=156885"}],"curies":[{"name":"wp","href":"https:\/\/api.w.org\/{rel}","templated":true}]}}