{"id":156879,"date":"2016-11-09T09:32:03","date_gmt":"2016-11-09T08:32:03","guid":{"rendered":"http:\/\/www.fuldaer-nachrichten.de\/?p=156879"},"modified":"2016-11-09T09:32:03","modified_gmt":"2016-11-09T08:32:03","slug":"konzert-mit-dem-marburg-jazzorchestra-am-18-11-2016-im-vhs-forum-kanzlerpalais","status":"publish","type":"post","link":"https:\/\/www.fuldaernachrichten.de\/?p=156879","title":{"rendered":"Konzert mit dem Marburg Jazzorchestra* am 18.11.2016 im VHS FORUM, Kanzlerpalais"},"content":{"rendered":"<p>Zehn Jahre spielt das Marburg Jazzorchestra* nun in nahezu gleicher Besetzung zusammen. Alle zwei Jahre pr\u00e4sentiert die Band dabei ein neues Programm, von der Presse hoch gelobt &#8211; \u201ekonzertant dargebotene Klangfantasie mit orchestralem Anspruch\u201c, schrieb das R\u00fcsselsheimer Echo vor einigen Jahren.<\/p>\n<p>Das Repertoire der Band ist mittlerweile nat\u00fcrlich gewachsen und mit ihm die Lust, zum Jubil\u00e4um die Lieblingsst\u00fccke an einem Abend zu pr\u00e4sentieren. Herausgekommen ist dabei eine Auswahl von europ\u00e4ischem Bigband-Jazz der letzten f\u00fcnfzehn Jahre.<\/p>\n<p>Musik, die ihre Wurzeln im gro\u00dfen Sound amerikanischer Bigbands hat, der aber der Einfluss der europ\u00e4ischen Klassik und Kultiviertheit deutlich anzumerken ist.<\/p>\n<p>Das Marburg Jazzorchestra*, das Anfang des Jahres noch bei der Urauff\u00fchrung des \u201eErnst-Neger-Komplexes\u201c die Grenzen zwischen \u201eHumba T\u00e4tera\u201c\u00c2\u00a0 und kollektiver Free-Jazz-Improvisation ausgelotet hat (\u201eeine grandiose, h\u00f6chst unterhaltsame Leistung der Big Band\u201c; FAZ), freut sich dieses Jahr auf ganz besondere G\u00e4ste als Solisten und am Dirigentenpult: Detlef Landeck und Niels Klein, beide geradezu \u00fcberh\u00e4uft mit Auszeichnungen und Preisen. So gewann zuletzt Niels Klein 2015 den ECHO als bester Saxophonist\/Holzbl\u00e4ser. Der Posaunist Detlef Landeck erhielt unter anderem den Hessischen Jazzpreis 2008.<\/p>\n<p>Karten zum Konzert mit dem Marburg Jazzorchestra, am 18.11.2016, im VHS-FORUM, Kanzlerpalais, Unterm Hl. Kreuz 1 in Fulda, sind im Vorverkauf in der Gesch\u00e4ftsstelle der Fuldaer Zeitung (Peterstor) (12,00 \u00e2\u201a\u00ac, erm\u00e4\u00dfigt10,00 \u00e2\u201a\u00ac) sowie an der Abendkasse (14,00 \u00e2\u201a\u00ac, erm\u00e4\u00dfigt\u00c2\u00a0 12,00 \u00e2\u201a\u00ac) erh\u00e4ltlich.<br \/>\nVeranstalter ist das Kulturamt der Stadt Fulda.<\/p>\n","protected":false},"excerpt":{"rendered":"<div class=\"tmnf_excerpt\"><p>Zehn Jahre spielt das Marburg Jazzorchestra* nun in nahezu gleicher Besetzung zusammen. Alle zwei Jahre pr\u00e4sentiert die Band dabei ein neues Programm, von der Presse hoch gelobt &#8211; \u201ekonzertant dargebotene Klangfantasie mit orchestralem Anspruch\u201c, schrieb das R\u00fcsselsheimer Echo vor einigen Jahren. Das Repertoire der Band ist mittlerweile nat\u00fcrlich gewachsen und mit ihm die Lust, zum &hellip;<\/p>\n<\/div>","protected":false},"author":1,"featured_media":156886,"comment_status":"closed","ping_status":"closed","sticky":false,"template":"","format":"standard","meta":{"footnotes":""},"categories":[1],"tags":[],"class_list":["post-156879","post","type-post","status-publish","format-standard","has-post-thumbnail","hentry","category-startseite"],"_links":{"self":[{"href":"https:\/\/www.fuldaernachrichten.de\/index.php?rest_route=\/wp\/v2\/posts\/156879","targetHints":{"allow":["GET"]}}],"collection":[{"href":"https:\/\/www.fuldaernachrichten.de\/index.php?rest_route=\/wp\/v2\/posts"}],"about":[{"href":"https:\/\/www.fuldaernachrichten.de\/index.php?rest_route=\/wp\/v2\/types\/post"}],"author":[{"embeddable":true,"href":"https:\/\/www.fuldaernachrichten.de\/index.php?rest_route=\/wp\/v2\/users\/1"}],"replies":[{"embeddable":true,"href":"https:\/\/www.fuldaernachrichten.de\/index.php?rest_route=%2Fwp%2Fv2%2Fcomments&post=156879"}],"version-history":[{"count":1,"href":"https:\/\/www.fuldaernachrichten.de\/index.php?rest_route=\/wp\/v2\/posts\/156879\/revisions"}],"predecessor-version":[{"id":156887,"href":"https:\/\/www.fuldaernachrichten.de\/index.php?rest_route=\/wp\/v2\/posts\/156879\/revisions\/156887"}],"wp:featuredmedia":[{"embeddable":true,"href":"https:\/\/www.fuldaernachrichten.de\/index.php?rest_route=\/wp\/v2\/media\/156886"}],"wp:attachment":[{"href":"https:\/\/www.fuldaernachrichten.de\/index.php?rest_route=%2Fwp%2Fv2%2Fmedia&parent=156879"}],"wp:term":[{"taxonomy":"category","embeddable":true,"href":"https:\/\/www.fuldaernachrichten.de\/index.php?rest_route=%2Fwp%2Fv2%2Fcategories&post=156879"},{"taxonomy":"post_tag","embeddable":true,"href":"https:\/\/www.fuldaernachrichten.de\/index.php?rest_route=%2Fwp%2Fv2%2Ftags&post=156879"}],"curies":[{"name":"wp","href":"https:\/\/api.w.org\/{rel}","templated":true}]}}