{"id":156865,"date":"2016-11-08T08:11:19","date_gmt":"2016-11-08T07:11:19","guid":{"rendered":"http:\/\/www.fuldaer-nachrichten.de\/?p=156865"},"modified":"2016-11-08T08:11:19","modified_gmt":"2016-11-08T07:11:19","slug":"bischof-algermissen-spendet-firmung-in-st-bonifatius-horas","status":"publish","type":"post","link":"https:\/\/www.fuldaernachrichten.de\/?p=156865","title":{"rendered":"Bischof Algermissen spendet Firmung in St. Bonifatius Horas"},"content":{"rendered":"<p>Ein besonderer Tag f\u00fcr die Pfarrgemeinde, ein neuer Lebensabschnitt f\u00fcr die Firmlinge. In einem feierlichen Gottesdienst hat Bischof Heinz-Josef Algermissen 42 Jugendlichen aus\u00c2\u00a0 der Pfarrgemeinde St. Bonifatius Horas und der Filialgemeinde St. Ottilia Niesig\u00c2\u00a0 das Sakrament der Firmung gespendet. Wie bei einer Mund-zu-Mund-Beatmung w\u00fcrde der Geist Gottes neue Kraft f\u00fcr den Alltag geben und neues Leben schenken, so der Bischof in seiner Predigt. Er appellierte an die Jugendlichen, sich davon begeistern zu lassen und mit dem Vertrauen auf Gottes Beistand ihren Lebensweg zu gehen. Musikalisch gestaltet wurde der Gottesdienst vom Kinderchor St. Bonifatius unter der Leitung des Ehepaares Brigitte und Reinhold Feldmann, der auch die Orgel spielte.\u00c2\u00a0 Mit einer besonderen Nachricht am Schluss des Gottesdienstes machte der Bischof den beiden Gemeinden eine besondere Freude: Nach l\u00e4ngerer Vakanz soll die Pfarrstelle in Horas zum 1. Juli 2017 mit Markus Agricola, derzeit noch Kaplan in Petersberg, wieder neu besetzt werden.<\/p>\n","protected":false},"excerpt":{"rendered":"<div class=\"tmnf_excerpt\"><p>Ein besonderer Tag f\u00fcr die Pfarrgemeinde, ein neuer Lebensabschnitt f\u00fcr die Firmlinge. In einem feierlichen Gottesdienst hat Bischof Heinz-Josef Algermissen 42 Jugendlichen aus\u00c2\u00a0 der Pfarrgemeinde St. Bonifatius Horas und der Filialgemeinde St. Ottilia Niesig\u00c2\u00a0 das Sakrament der Firmung gespendet. Wie bei einer Mund-zu-Mund-Beatmung w\u00fcrde der Geist Gottes neue Kraft f\u00fcr den Alltag geben und neues &hellip;<\/p>\n<\/div>","protected":false},"author":1,"featured_media":156874,"comment_status":"closed","ping_status":"closed","sticky":false,"template":"","format":"standard","meta":{"footnotes":""},"categories":[1],"tags":[],"class_list":["post-156865","post","type-post","status-publish","format-standard","has-post-thumbnail","hentry","category-startseite"],"_links":{"self":[{"href":"https:\/\/www.fuldaernachrichten.de\/index.php?rest_route=\/wp\/v2\/posts\/156865","targetHints":{"allow":["GET"]}}],"collection":[{"href":"https:\/\/www.fuldaernachrichten.de\/index.php?rest_route=\/wp\/v2\/posts"}],"about":[{"href":"https:\/\/www.fuldaernachrichten.de\/index.php?rest_route=\/wp\/v2\/types\/post"}],"author":[{"embeddable":true,"href":"https:\/\/www.fuldaernachrichten.de\/index.php?rest_route=\/wp\/v2\/users\/1"}],"replies":[{"embeddable":true,"href":"https:\/\/www.fuldaernachrichten.de\/index.php?rest_route=%2Fwp%2Fv2%2Fcomments&post=156865"}],"version-history":[{"count":1,"href":"https:\/\/www.fuldaernachrichten.de\/index.php?rest_route=\/wp\/v2\/posts\/156865\/revisions"}],"predecessor-version":[{"id":156875,"href":"https:\/\/www.fuldaernachrichten.de\/index.php?rest_route=\/wp\/v2\/posts\/156865\/revisions\/156875"}],"wp:featuredmedia":[{"embeddable":true,"href":"https:\/\/www.fuldaernachrichten.de\/index.php?rest_route=\/wp\/v2\/media\/156874"}],"wp:attachment":[{"href":"https:\/\/www.fuldaernachrichten.de\/index.php?rest_route=%2Fwp%2Fv2%2Fmedia&parent=156865"}],"wp:term":[{"taxonomy":"category","embeddable":true,"href":"https:\/\/www.fuldaernachrichten.de\/index.php?rest_route=%2Fwp%2Fv2%2Fcategories&post=156865"},{"taxonomy":"post_tag","embeddable":true,"href":"https:\/\/www.fuldaernachrichten.de\/index.php?rest_route=%2Fwp%2Fv2%2Ftags&post=156865"}],"curies":[{"name":"wp","href":"https:\/\/api.w.org\/{rel}","templated":true}]}}