{"id":156863,"date":"2016-11-08T08:07:15","date_gmt":"2016-11-08T07:07:15","guid":{"rendered":"http:\/\/www.fuldaer-nachrichten.de\/?p=156863"},"modified":"2016-11-08T08:07:15","modified_gmt":"2016-11-08T07:07:15","slug":"kunsthandwerkermarkt-in-der-stadthalle-gersfeld-am-sonntag-13-11-2016","status":"publish","type":"post","link":"https:\/\/www.fuldaernachrichten.de\/?p=156863","title":{"rendered":"Kunsthandwerkermarkt in der Stadthalle Gersfeld  am Sonntag, 13.11.2016"},"content":{"rendered":"<p>Ein Kunsthandwerkermarkt der besonderen Art l\u00e4dt am 13. November 2016 in die Stadthalle von Gersfeld ein: Angeboten werden ausschlie\u00dflich von den Handwerkern selbst gefertigte Waren. Die Palette der Aussteller reicht dabei von Schmuck \u00fcber Holzspielzeug und Dinkelkissen bis zu Seidenmalerei und Floristik.<\/p>\n<p>Den passenden Rahmen bietet die Gersfelder Stadthalle, ein modernisierter historischer Bau am Rande des Schlossparks, ehemals Reithalle und herrschaftliche Brauerei.<\/p>\n<p>Der Markt\u00c2\u00a0 ist am Sonntag, 13.11.2016 von 11.00 bis 17.00 Uhr ge\u00f6ffnet.<\/p>\n","protected":false},"excerpt":{"rendered":"<div class=\"tmnf_excerpt\"><p>Ein Kunsthandwerkermarkt der besonderen Art l\u00e4dt am 13. November 2016 in die Stadthalle von Gersfeld ein: Angeboten werden ausschlie\u00dflich von den Handwerkern selbst gefertigte Waren. Die Palette der Aussteller reicht dabei von Schmuck \u00fcber Holzspielzeug und Dinkelkissen bis zu Seidenmalerei und Floristik. Den passenden Rahmen bietet die Gersfelder Stadthalle, ein modernisierter historischer Bau am Rande &hellip;<\/p>\n<\/div>","protected":false},"author":1,"featured_media":0,"comment_status":"closed","ping_status":"closed","sticky":false,"template":"","format":"standard","meta":{"footnotes":""},"categories":[1],"tags":[],"class_list":["post-156863","post","type-post","status-publish","format-standard","hentry","category-startseite"],"_links":{"self":[{"href":"https:\/\/www.fuldaernachrichten.de\/index.php?rest_route=\/wp\/v2\/posts\/156863","targetHints":{"allow":["GET"]}}],"collection":[{"href":"https:\/\/www.fuldaernachrichten.de\/index.php?rest_route=\/wp\/v2\/posts"}],"about":[{"href":"https:\/\/www.fuldaernachrichten.de\/index.php?rest_route=\/wp\/v2\/types\/post"}],"author":[{"embeddable":true,"href":"https:\/\/www.fuldaernachrichten.de\/index.php?rest_route=\/wp\/v2\/users\/1"}],"replies":[{"embeddable":true,"href":"https:\/\/www.fuldaernachrichten.de\/index.php?rest_route=%2Fwp%2Fv2%2Fcomments&post=156863"}],"version-history":[{"count":1,"href":"https:\/\/www.fuldaernachrichten.de\/index.php?rest_route=\/wp\/v2\/posts\/156863\/revisions"}],"predecessor-version":[{"id":156864,"href":"https:\/\/www.fuldaernachrichten.de\/index.php?rest_route=\/wp\/v2\/posts\/156863\/revisions\/156864"}],"wp:attachment":[{"href":"https:\/\/www.fuldaernachrichten.de\/index.php?rest_route=%2Fwp%2Fv2%2Fmedia&parent=156863"}],"wp:term":[{"taxonomy":"category","embeddable":true,"href":"https:\/\/www.fuldaernachrichten.de\/index.php?rest_route=%2Fwp%2Fv2%2Fcategories&post=156863"},{"taxonomy":"post_tag","embeddable":true,"href":"https:\/\/www.fuldaernachrichten.de\/index.php?rest_route=%2Fwp%2Fv2%2Ftags&post=156863"}],"curies":[{"name":"wp","href":"https:\/\/api.w.org\/{rel}","templated":true}]}}