{"id":156849,"date":"2016-11-08T08:05:47","date_gmt":"2016-11-08T07:05:47","guid":{"rendered":"http:\/\/www.fuldaer-nachrichten.de\/?p=156849"},"modified":"2016-11-08T08:05:47","modified_gmt":"2016-11-08T07:05:47","slug":"gottesdienst-fuer-demenzkranke-und-angehoerige-malteser-laden-ein-am-18-november-um-1630-uhr","status":"publish","type":"post","link":"https:\/\/www.fuldaernachrichten.de\/?p=156849","title":{"rendered":"Gottesdienst f\u00fcr Demenzkranke und Angeh\u00f6rige &#8211; Malteser laden ein: am 18. November um 16:30 Uhr"},"content":{"rendered":"<p>Die Menschen werden immer \u00e4lter, die Zahl der Demenzerkrankungen steigt. Aus diesem Grund m\u00f6chten die Malteser in Fulda allen Betroffenen ein ganz besonderes Geschenk machen, sie laden zu einem \u00f6kumenischen Gottesdienst speziell f\u00fcr Menschen mit Demenz und deren Angeh\u00f6rige ein. Der Gottesdienst beginnt am Freitag, 18. November\u00c2\u00a0 2016, um 16:30 Uhr in der Pfarrkirche St. Paulus in Fulda-Ziehers-Nord.<\/p>\n<p>Die Liturgie orientiert sich ganz an den Besuchern. Ihnen soll die M\u00f6glichkeit gegeben werden, den Gottesdienst aktiv, ihren F\u00e4higkeiten entsprechend, mitzufeiern. Den Bed\u00fcrfnissen nach N\u00e4he, Verbundenheit und Trost, die im Verlauf einer demenziellen Erkrankung an Bedeutung zunehmen k\u00f6nnen, soll in dieser speziellen Gestaltung des Gottesdienstes Rechnung getragen werden. Die geschulten Helferinnen und Helfer der Malteser stehen vor, w\u00e4hrend und nach dem Gottesdienst f\u00fcr Hilfestellungen bereit.<\/p>\n<p>Die Malteser in Fulda engagieren sich seit Jahren f\u00fcr Demenzkranke und ihre Angeh\u00f6rigen. Ehrenamtliche Demenzbegleiter betreuen stundenweise die Patienten und f\u00f6rdern ihre vorhandenen F\u00e4higkeiten. Pflegende Familienmitglieder erfahren Rat, Hilfe und Entlastung. Neben der Betreuung im h\u00e4uslichen Umfeld der Erkrankten bieten die Malteser auch das regelm\u00e4\u00dfige Gruppenangebot Caf\u00e9 Malta in Fulda an.<\/p>\n<p>F\u00fcr Fragen rund um den Gottesdienst und den Malteser Demenzdienst allgemein steht Swetlana Wolf, Telefon: 0661 95310-27, e-mail: swetlana.wolf@malteser.org,\u00c2\u00a0 gerne zur Verf\u00fcgung. Weitere Informationen sind auch im Internet zu finden unter www.malteser-fulda.de.<\/p>\n","protected":false},"excerpt":{"rendered":"<div class=\"tmnf_excerpt\"><p>Die Menschen werden immer \u00e4lter, die Zahl der Demenzerkrankungen steigt. Aus diesem Grund m\u00f6chten die Malteser in Fulda allen Betroffenen ein ganz besonderes Geschenk machen, sie laden zu einem \u00f6kumenischen Gottesdienst speziell f\u00fcr Menschen mit Demenz und deren Angeh\u00f6rige ein. Der Gottesdienst beginnt am Freitag, 18. November\u00c2\u00a0 2016, um 16:30 Uhr in der Pfarrkirche St. &hellip;<\/p>\n<\/div>","protected":false},"author":1,"featured_media":0,"comment_status":"closed","ping_status":"closed","sticky":false,"template":"","format":"standard","meta":{"footnotes":""},"categories":[1],"tags":[],"class_list":["post-156849","post","type-post","status-publish","format-standard","hentry","category-startseite"],"_links":{"self":[{"href":"https:\/\/www.fuldaernachrichten.de\/index.php?rest_route=\/wp\/v2\/posts\/156849","targetHints":{"allow":["GET"]}}],"collection":[{"href":"https:\/\/www.fuldaernachrichten.de\/index.php?rest_route=\/wp\/v2\/posts"}],"about":[{"href":"https:\/\/www.fuldaernachrichten.de\/index.php?rest_route=\/wp\/v2\/types\/post"}],"author":[{"embeddable":true,"href":"https:\/\/www.fuldaernachrichten.de\/index.php?rest_route=\/wp\/v2\/users\/1"}],"replies":[{"embeddable":true,"href":"https:\/\/www.fuldaernachrichten.de\/index.php?rest_route=%2Fwp%2Fv2%2Fcomments&post=156849"}],"version-history":[{"count":1,"href":"https:\/\/www.fuldaernachrichten.de\/index.php?rest_route=\/wp\/v2\/posts\/156849\/revisions"}],"predecessor-version":[{"id":156859,"href":"https:\/\/www.fuldaernachrichten.de\/index.php?rest_route=\/wp\/v2\/posts\/156849\/revisions\/156859"}],"wp:attachment":[{"href":"https:\/\/www.fuldaernachrichten.de\/index.php?rest_route=%2Fwp%2Fv2%2Fmedia&parent=156849"}],"wp:term":[{"taxonomy":"category","embeddable":true,"href":"https:\/\/www.fuldaernachrichten.de\/index.php?rest_route=%2Fwp%2Fv2%2Fcategories&post=156849"},{"taxonomy":"post_tag","embeddable":true,"href":"https:\/\/www.fuldaernachrichten.de\/index.php?rest_route=%2Fwp%2Fv2%2Ftags&post=156849"}],"curies":[{"name":"wp","href":"https:\/\/api.w.org\/{rel}","templated":true}]}}