{"id":156845,"date":"2016-11-08T08:04:54","date_gmt":"2016-11-08T07:04:54","guid":{"rendered":"http:\/\/www.fuldaer-nachrichten.de\/?p=156845"},"modified":"2016-11-08T08:04:54","modified_gmt":"2016-11-08T07:04:54","slug":"591-000-euro-zum-ausbau-der-kindertagesbetreuung-im-landkreis-fulda","status":"publish","type":"post","link":"https:\/\/www.fuldaernachrichten.de\/?p=156845","title":{"rendered":"591.000 Euro zum Ausbau der Kindertagesbetreuung im Landkreis Fulda"},"content":{"rendered":"<p><a href=\"http:\/\/www.fuldaer-nachrichten.de\/wp-content\/uploads\/2016\/11\/550-Jessica-M\u00fcller-Tagesmutter.jpg\"><img decoding=\"async\" class=\"alignleft size-thumbnail wp-image-156851\" src=\"http:\/\/www.fuldaer-nachrichten.de\/wp-content\/uploads\/2016\/11\/550-Jessica-M\u00fcller-Tagesmutter-265x176.jpg\" alt=\"550-jessica-mueller-tagesmutter\" width=\"265\" height=\"176\" \/><\/a>Auch mit relativ bescheidenen Summen l\u00e4sst sich einiges bewegen, wenn die vorhandenen Mittel sinnvoll und zielgerichtet eingesetzt werden. Davon konnten sich Erster Kreisbeigeordneter Frederik Schmitt und Vize-Regierungspr\u00e4sident Hermann-Josef Kl\u00fcber beim Besuch von Birgit Kircher und Jessica M\u00fcller \u00fcberzeugen, die eine F\u00f6rderung aus dem Investitionsprogramm von Bund und Land zum Ausbau der Kindertagesbetreuung erhalten haben.<\/p>\n<p>Die beiden Tagesm\u00fctter aus dem H\u00fcnfelder Stadtteil Ro\u00dfbach sowie aus Rasdorf stehen stellvertretend f\u00fcr 20 Kindertagespflegepersonen im Landkreis Fulda, die mit Betr\u00e4gen von bis zu 4.000 Euro bei der Ausgestaltung und Verbesserung ihrer Betreuungsangebote unterst\u00fctzt werden. Insgesamt hat der Landkreis \u00fcber 590.000 Euro erhalten, wobei der weit \u00fcberwiegende Teil auf Erweiterungs- und Umbauma\u00dfnahmen in Kindertagesst\u00e4tten wie zum Beispiel in Bad Salzschlirf entf\u00e4llt. Die Zuwendungen an die Tagesm\u00fctter belaufen sich kreisweit auf knapp 50.000 Euro, wodurch 35 Betreuungspl\u00e4tze neu geschaffen und 28 gesichert werden.<\/p>\n<p>Erster Kreisbeigeordneter Schmitt und Vize-Regierungspr\u00e4sident Kl\u00fcber betonten, dass es nicht nur um die \u00dcberreichung von gro\u00dfen Schecks gehe, sondern auch mit kleineren F\u00f6rderbetr\u00e4gen viel Positives erreicht werden k\u00f6nne. Neben den Kindertagesst\u00e4tten stellten die rund 170 Tagesm\u00fctter und -v\u00e4ter im Landkreis eine wichtige S\u00e4ule zur Sicherstellung der bedarfsgerechten\u00c2\u00a0 Kinderbetreuung dar. Sie sollten daher mehr \u00f6ffentliche Wertsch\u00e4tzung und finanzielle Unterst\u00fctzung erfahren. Die Alternative w\u00e4ren zus\u00e4tzliche Betreuungspl\u00e4tze f\u00fcr unter Dreij\u00e4hrige in Kindertagesst\u00e4tten, wodurch deutlich h\u00f6here Kosten entstehen w\u00fcrden.<\/p>\n<p>Birgit Kircher aus Ro\u00dfbach ist die am l\u00e4ngsten t\u00e4tige Tagesmutter im Landkreis. In \u00fcber zwanzig Berufsjahren hat die 54-j\u00e4hrige neben zwei eigenen 30 bis 40 weitere Kinder betreut. Zurzeit besuchen f\u00fcnf Kinder im Alter von\u00c2\u00a0 1 bis 2,5 Jahren und ein Kindergartenkind ihre Tagespflege im Gr\u00fcnen, wobei diese Bezeichnung durchaus w\u00f6rtlich zu nehmen ist, da sich die Kinder meistens im Freien aufhalten und auf dem weitl\u00e4ufigen Gel\u00e4nde manches an einen Waldkindergarten erinnert. Dazu passt, dass mit den F\u00f6rdermitteln ein Kletterturm errichtet und Spielsachen f\u00fcr drau\u00dfen angeschafft wurden. Zudem werden zwei Zimmer renoviert.<\/p>\n<p>Hingegen arbeitet Jessica M\u00fcller erst seit einem Jahr als Tagesmutter. Ebenso wie Birgit Kircher empfindet sie ihre berufliche T\u00e4tigkeit als \u201etotal erf\u00fcllend\u201c. Die 35-j\u00e4hrige ist mit Familie nach Rasdorf zugezogen und hat das Erdgeschoss ihres Wohnhauses f\u00fcr die Betreuung von Kindern unter 3 Jahren umgebaut. Hier flie\u00dfen die F\u00f6rdermittel vor allem in den Innenausbau und die Einrichtung der R\u00e4ume. Die Umgestaltung des Au\u00dfenbereichs soll noch folgen. Jessica M\u00fcller betreut sechs Kinder von 1,25 bis 2 Jahre. Sie hat die Grundqualifizierung zur Kindertagespflegeperson erworben und ist Vorstandsmitglied im Verein Tages-Eltern-Fulda.<\/p>\n<p>Erster Kreisbeigeordneter Schmitt und Vize-Regierungspr\u00e4sident Kl\u00fcber bedankten sich bei Birgit Kircher und Jessica M\u00fcller f\u00fcr ihr Engagement und schlossen in den Dank alle Tagesm\u00fctter und -v\u00e4ter ein. \u201eZur besseren Vereinbarkeit von Familie und Beruf brauchen wir auch im l\u00e4ndlichen Raum\u00c2\u00a0 mehr Frauen und M\u00e4nner f\u00fcr diese verantwortungsvolle Aufgabe.\u201c Tagesm\u00fctter und -v\u00e4ter seien eine notwendige Erg\u00e4nzung zu Kindertagesst\u00e4tten. Dass ein steigender Bedarf gegeben ist, zeigten die \u00fcbereinstimmenden Aussagen von Birgit Kircher und Jessica M\u00fcller, wonach sie mehr Anfragen h\u00e4tten, als sie bedienen k\u00f6nnten.<\/p>\n","protected":false},"excerpt":{"rendered":"<div class=\"tmnf_excerpt\"><p>Auch mit relativ bescheidenen Summen l\u00e4sst sich einiges bewegen, wenn die vorhandenen Mittel sinnvoll und zielgerichtet eingesetzt werden. Davon konnten sich Erster Kreisbeigeordneter Frederik Schmitt und Vize-Regierungspr\u00e4sident Hermann-Josef Kl\u00fcber beim Besuch von Birgit Kircher und Jessica M\u00fcller \u00fcberzeugen, die eine F\u00f6rderung aus dem Investitionsprogramm von Bund und Land zum Ausbau der Kindertagesbetreuung erhalten haben. Die &hellip;<\/p>\n<\/div>","protected":false},"author":1,"featured_media":156850,"comment_status":"closed","ping_status":"closed","sticky":false,"template":"","format":"standard","meta":{"footnotes":""},"categories":[1],"tags":[],"class_list":["post-156845","post","type-post","status-publish","format-standard","has-post-thumbnail","hentry","category-startseite"],"_links":{"self":[{"href":"https:\/\/www.fuldaernachrichten.de\/index.php?rest_route=\/wp\/v2\/posts\/156845","targetHints":{"allow":["GET"]}}],"collection":[{"href":"https:\/\/www.fuldaernachrichten.de\/index.php?rest_route=\/wp\/v2\/posts"}],"about":[{"href":"https:\/\/www.fuldaernachrichten.de\/index.php?rest_route=\/wp\/v2\/types\/post"}],"author":[{"embeddable":true,"href":"https:\/\/www.fuldaernachrichten.de\/index.php?rest_route=\/wp\/v2\/users\/1"}],"replies":[{"embeddable":true,"href":"https:\/\/www.fuldaernachrichten.de\/index.php?rest_route=%2Fwp%2Fv2%2Fcomments&post=156845"}],"version-history":[{"count":1,"href":"https:\/\/www.fuldaernachrichten.de\/index.php?rest_route=\/wp\/v2\/posts\/156845\/revisions"}],"predecessor-version":[{"id":156854,"href":"https:\/\/www.fuldaernachrichten.de\/index.php?rest_route=\/wp\/v2\/posts\/156845\/revisions\/156854"}],"wp:featuredmedia":[{"embeddable":true,"href":"https:\/\/www.fuldaernachrichten.de\/index.php?rest_route=\/wp\/v2\/media\/156850"}],"wp:attachment":[{"href":"https:\/\/www.fuldaernachrichten.de\/index.php?rest_route=%2Fwp%2Fv2%2Fmedia&parent=156845"}],"wp:term":[{"taxonomy":"category","embeddable":true,"href":"https:\/\/www.fuldaernachrichten.de\/index.php?rest_route=%2Fwp%2Fv2%2Fcategories&post=156845"},{"taxonomy":"post_tag","embeddable":true,"href":"https:\/\/www.fuldaernachrichten.de\/index.php?rest_route=%2Fwp%2Fv2%2Ftags&post=156845"}],"curies":[{"name":"wp","href":"https:\/\/api.w.org\/{rel}","templated":true}]}}