{"id":156835,"date":"2016-11-08T08:02:23","date_gmt":"2016-11-08T07:02:23","guid":{"rendered":"http:\/\/www.fuldaer-nachrichten.de\/?p=156835"},"modified":"2016-11-08T08:02:23","modified_gmt":"2016-11-08T07:02:23","slug":"nachwuchsmusiker-gesucht-jugendtag-des-drk-sfz-rueckers-am-13-11-2016","status":"publish","type":"post","link":"https:\/\/www.fuldaernachrichten.de\/?p=156835","title":{"rendered":"Nachwuchsmusiker gesucht:  Jugendtag des DRK SFZ R\u00fcckers am 13.11.2016"},"content":{"rendered":"<p>Der DRK Spielmanns- und Fanfarenzug R\u00fcckers e.V. ist seit Jahren in ganz Deutschland und im europ\u00e4ischen Ausland mit seinem Programm aus Marsch, Musik und Show erfolgreich. In diesem Jahr trat er bei der Bundesmusikparade in Stuttgart, Kempten und W\u00fcrzburg auf und pr\u00e4sentierte seine Shows in Frankreich und Tschechien. Nun gibt es wieder die M\u00f6glichkeit, mit einzusteigen und ein Instrument zu erlernen.<\/p>\n<p>Der Verein l\u00e4dt alle Interessenten am Sonntag, dem 13. November 2016, ab 14 Uhr in seinen Musikpavillon am Dorfgemeinschaftshaus in Flieden-R\u00fcckers zum Jugendtag ein. Hier k\u00f6nnen die Instrumente ausprobiert werden und es gibt Informationen zum Verein, der sich auch live pr\u00e4sentieren wird.<\/p>\n<p>Mitmachen kann jeder, ob Kinder (ab ca. 8 Jahre), Jugendliche oder Erwachsene, ob aus R\u00fcckers, der Gro\u00dfgemeinde Flieden oder den Nachbargemeinden, ob alt eingesessen oder neu zugezogen. Neben der musikalischen Ausbildung, zu der die Instrumente kostenlos gestellt werden, bietet der Verein neue Freundschaften, Spa\u00df in der Gemeinschaft, gemeinsame Erfolge und viel Applaus bei Showauftritten in ganz Deutschland und in Europa. Auch haben die Mitglieder die M\u00f6glichkeit, sich durch Lehrg\u00e4nge z. B. im Jugendzentrum auf der Ronneburg weiterzubilden. F\u00fcr Getr\u00e4nke und Kuchen wird am Sonntag nat\u00fcrlich auch gesorgt sein.<\/p>\n<p>Zahlreiche Bilder und Videoausschnitte des Vereins sind unter www.rueckers.eu zu sehen.<\/p>\n","protected":false},"excerpt":{"rendered":"<div class=\"tmnf_excerpt\"><p>Der DRK Spielmanns- und Fanfarenzug R\u00fcckers e.V. ist seit Jahren in ganz Deutschland und im europ\u00e4ischen Ausland mit seinem Programm aus Marsch, Musik und Show erfolgreich. In diesem Jahr trat er bei der Bundesmusikparade in Stuttgart, Kempten und W\u00fcrzburg auf und pr\u00e4sentierte seine Shows in Frankreich und Tschechien. Nun gibt es wieder die M\u00f6glichkeit, mit &hellip;<\/p>\n<\/div>","protected":false},"author":1,"featured_media":156841,"comment_status":"closed","ping_status":"closed","sticky":false,"template":"","format":"standard","meta":{"footnotes":""},"categories":[1],"tags":[],"class_list":["post-156835","post","type-post","status-publish","format-standard","has-post-thumbnail","hentry","category-startseite"],"_links":{"self":[{"href":"https:\/\/www.fuldaernachrichten.de\/index.php?rest_route=\/wp\/v2\/posts\/156835","targetHints":{"allow":["GET"]}}],"collection":[{"href":"https:\/\/www.fuldaernachrichten.de\/index.php?rest_route=\/wp\/v2\/posts"}],"about":[{"href":"https:\/\/www.fuldaernachrichten.de\/index.php?rest_route=\/wp\/v2\/types\/post"}],"author":[{"embeddable":true,"href":"https:\/\/www.fuldaernachrichten.de\/index.php?rest_route=\/wp\/v2\/users\/1"}],"replies":[{"embeddable":true,"href":"https:\/\/www.fuldaernachrichten.de\/index.php?rest_route=%2Fwp%2Fv2%2Fcomments&post=156835"}],"version-history":[{"count":1,"href":"https:\/\/www.fuldaernachrichten.de\/index.php?rest_route=\/wp\/v2\/posts\/156835\/revisions"}],"predecessor-version":[{"id":156842,"href":"https:\/\/www.fuldaernachrichten.de\/index.php?rest_route=\/wp\/v2\/posts\/156835\/revisions\/156842"}],"wp:featuredmedia":[{"embeddable":true,"href":"https:\/\/www.fuldaernachrichten.de\/index.php?rest_route=\/wp\/v2\/media\/156841"}],"wp:attachment":[{"href":"https:\/\/www.fuldaernachrichten.de\/index.php?rest_route=%2Fwp%2Fv2%2Fmedia&parent=156835"}],"wp:term":[{"taxonomy":"category","embeddable":true,"href":"https:\/\/www.fuldaernachrichten.de\/index.php?rest_route=%2Fwp%2Fv2%2Fcategories&post=156835"},{"taxonomy":"post_tag","embeddable":true,"href":"https:\/\/www.fuldaernachrichten.de\/index.php?rest_route=%2Fwp%2Fv2%2Ftags&post=156835"}],"curies":[{"name":"wp","href":"https:\/\/api.w.org\/{rel}","templated":true}]}}