{"id":156834,"date":"2016-11-08T08:01:35","date_gmt":"2016-11-08T07:01:35","guid":{"rendered":"http:\/\/www.fuldaer-nachrichten.de\/?p=156834"},"modified":"2016-11-08T08:01:35","modified_gmt":"2016-11-08T07:01:35","slug":"tragischer-brand-bei-antonius","status":"publish","type":"post","link":"https:\/\/www.fuldaernachrichten.de\/?p=156834","title":{"rendered":"Tragischer Brand bei antonius"},"content":{"rendered":"<p>In der Nacht von Samstag auf Sonntag ist ein Brand im Haupthaus von antonius \u2013 Netzwerk Mensch ausgebrochen. Ein Apartment im dritten Stockwerk des Haupthauses brannte v\u00f6llig aus. Der Bewohner des Apartments verstarb nach Reanimationsversuchen der Einsatzkr\u00e4fte. Drei Ordensschwestern kamen in der Nacht zur Beobachtung ins Krankenhaus, wurden jedoch heute bereits wieder entlassen.<\/p>\n<p>\u201eWir sind best\u00fcrzt und empfinden tiefe Trauer\u201c, erkl\u00e4rt Rainer Sippel, Vorstand von antonius. \u201eUnser Mitgef\u00fchl und unsere Anteilnahme geh\u00f6rt der Familie und den Angeh\u00f6rigen\u201c, so Sippel weiter. \u201eDer Bewohner war bereits seit vielen Jahren ein integriertes Mitglied unserer antonius Hausgemeinschaft\u201c, erg\u00e4nzt Michaela Lengsfeld, Gesch\u00e4ftsf\u00fchrerin von antonius. \u201eJetzt ist es unsere Aufgabe\u201c, so Lengsfeld, \u201eunsere Bewohner, Angeh\u00f6rigen und Trauernden, Kollegen und Freunde aufzufangen und in diesen schmerzhaften Stunden zu begleiten.\u201c Daf\u00fcr findet morgen um 16:30 Uhr ein \u00f6ffentlicher Trauergottesdienst in der antonius Kapelle statt. Ebenso ist f\u00fcr eine telefonische Betreuung der Angeh\u00f6rigen gesorgt.<\/p>\n<p>Der Brand fand im Ostfl\u00fcgel statt, in dem es insgesamt elf Apartments gibt. In sechs der Apartments leben Bewohner, f\u00fcnf werden von Schwestern des indischen Ordens \u00e2\u20ac\u0161Dienerinnen der Armen\u00e2\u20ac\u02dc bewohnt. \u201eDie Brandursache ist zum jetzigen Zeitpunkt noch v\u00f6llig offen\u201c, erkl\u00e4rt G\u00fcnter Habig, Prokurist von antonius. \u201eFeststeht, dass nach dem Feuer erst einmal keines der elf Apartments bewohnbar ist. Wie gro\u00df der Sachschaden ist, wird sich erst in den kommenden Tagen herausstellen\u201c, res\u00fcmiert Habig.<\/p>\n","protected":false},"excerpt":{"rendered":"<div class=\"tmnf_excerpt\"><p>In der Nacht von Samstag auf Sonntag ist ein Brand im Haupthaus von antonius \u2013 Netzwerk Mensch ausgebrochen. Ein Apartment im dritten Stockwerk des Haupthauses brannte v\u00f6llig aus. Der Bewohner des Apartments verstarb nach Reanimationsversuchen der Einsatzkr\u00e4fte. Drei Ordensschwestern kamen in der Nacht zur Beobachtung ins Krankenhaus, wurden jedoch heute bereits wieder entlassen. \u201eWir sind &hellip;<\/p>\n<\/div>","protected":false},"author":1,"featured_media":0,"comment_status":"closed","ping_status":"closed","sticky":false,"template":"","format":"standard","meta":{"footnotes":""},"categories":[1],"tags":[],"class_list":["post-156834","post","type-post","status-publish","format-standard","hentry","category-startseite"],"_links":{"self":[{"href":"https:\/\/www.fuldaernachrichten.de\/index.php?rest_route=\/wp\/v2\/posts\/156834","targetHints":{"allow":["GET"]}}],"collection":[{"href":"https:\/\/www.fuldaernachrichten.de\/index.php?rest_route=\/wp\/v2\/posts"}],"about":[{"href":"https:\/\/www.fuldaernachrichten.de\/index.php?rest_route=\/wp\/v2\/types\/post"}],"author":[{"embeddable":true,"href":"https:\/\/www.fuldaernachrichten.de\/index.php?rest_route=\/wp\/v2\/users\/1"}],"replies":[{"embeddable":true,"href":"https:\/\/www.fuldaernachrichten.de\/index.php?rest_route=%2Fwp%2Fv2%2Fcomments&post=156834"}],"version-history":[{"count":1,"href":"https:\/\/www.fuldaernachrichten.de\/index.php?rest_route=\/wp\/v2\/posts\/156834\/revisions"}],"predecessor-version":[{"id":156839,"href":"https:\/\/www.fuldaernachrichten.de\/index.php?rest_route=\/wp\/v2\/posts\/156834\/revisions\/156839"}],"wp:attachment":[{"href":"https:\/\/www.fuldaernachrichten.de\/index.php?rest_route=%2Fwp%2Fv2%2Fmedia&parent=156834"}],"wp:term":[{"taxonomy":"category","embeddable":true,"href":"https:\/\/www.fuldaernachrichten.de\/index.php?rest_route=%2Fwp%2Fv2%2Fcategories&post=156834"},{"taxonomy":"post_tag","embeddable":true,"href":"https:\/\/www.fuldaernachrichten.de\/index.php?rest_route=%2Fwp%2Fv2%2Ftags&post=156834"}],"curies":[{"name":"wp","href":"https:\/\/api.w.org\/{rel}","templated":true}]}}