{"id":156813,"date":"2016-11-05T12:38:51","date_gmt":"2016-11-05T11:38:51","guid":{"rendered":"http:\/\/www.fuldaer-nachrichten.de\/?p=156813"},"modified":"2016-11-05T12:38:51","modified_gmt":"2016-11-05T11:38:51","slug":"zuspruch-in-hr1","status":"publish","type":"post","link":"https:\/\/www.fuldaernachrichten.de\/?p=156813","title":{"rendered":"\u201eZuspruch\u201c in hr1"},"content":{"rendered":"<p>Den \u201eZuspruch\u201c im ersten Programm des Hessischen Rundfunks (hr1) werden in der Woche vom 7. bis 11.\u00c2\u00a0November Dr. Peter-Felix Ruelius und am 12. November Prof. Dr. Markus Tomberg (beide Fulda) \u00fcbernehmen. Ihre religi\u00f6se Kurzbetrachtung in den Tag ist montags bis freitags gegen 5.45 Uhr, samstags zwischen 7.10 und 7.30 Uhr zu h\u00f6ren. Die Verk\u00fcndigungssendung steht nach Ausstrahlung im Internet zum Nachlesen und -h\u00f6ren bereit unter www.kirche-hr.de.<\/p>\n","protected":false},"excerpt":{"rendered":"<div class=\"tmnf_excerpt\"><p>Den \u201eZuspruch\u201c im ersten Programm des Hessischen Rundfunks (hr1) werden in der Woche vom 7. bis 11.\u00c2\u00a0November Dr. Peter-Felix Ruelius und am 12. November Prof. Dr. Markus Tomberg (beide Fulda) \u00fcbernehmen. Ihre religi\u00f6se Kurzbetrachtung in den Tag ist montags bis freitags gegen 5.45 Uhr, samstags zwischen 7.10 und 7.30 Uhr zu h\u00f6ren. Die Verk\u00fcndigungssendung steht &hellip;<\/p>\n<\/div>","protected":false},"author":1,"featured_media":0,"comment_status":"closed","ping_status":"closed","sticky":false,"template":"","format":"standard","meta":{"footnotes":""},"categories":[1],"tags":[],"class_list":["post-156813","post","type-post","status-publish","format-standard","hentry","category-startseite"],"_links":{"self":[{"href":"https:\/\/www.fuldaernachrichten.de\/index.php?rest_route=\/wp\/v2\/posts\/156813","targetHints":{"allow":["GET"]}}],"collection":[{"href":"https:\/\/www.fuldaernachrichten.de\/index.php?rest_route=\/wp\/v2\/posts"}],"about":[{"href":"https:\/\/www.fuldaernachrichten.de\/index.php?rest_route=\/wp\/v2\/types\/post"}],"author":[{"embeddable":true,"href":"https:\/\/www.fuldaernachrichten.de\/index.php?rest_route=\/wp\/v2\/users\/1"}],"replies":[{"embeddable":true,"href":"https:\/\/www.fuldaernachrichten.de\/index.php?rest_route=%2Fwp%2Fv2%2Fcomments&post=156813"}],"version-history":[{"count":1,"href":"https:\/\/www.fuldaernachrichten.de\/index.php?rest_route=\/wp\/v2\/posts\/156813\/revisions"}],"predecessor-version":[{"id":156819,"href":"https:\/\/www.fuldaernachrichten.de\/index.php?rest_route=\/wp\/v2\/posts\/156813\/revisions\/156819"}],"wp:attachment":[{"href":"https:\/\/www.fuldaernachrichten.de\/index.php?rest_route=%2Fwp%2Fv2%2Fmedia&parent=156813"}],"wp:term":[{"taxonomy":"category","embeddable":true,"href":"https:\/\/www.fuldaernachrichten.de\/index.php?rest_route=%2Fwp%2Fv2%2Fcategories&post=156813"},{"taxonomy":"post_tag","embeddable":true,"href":"https:\/\/www.fuldaernachrichten.de\/index.php?rest_route=%2Fwp%2Fv2%2Ftags&post=156813"}],"curies":[{"name":"wp","href":"https:\/\/api.w.org\/{rel}","templated":true}]}}