{"id":15681,"date":"2008-12-04T13:15:17","date_gmt":"2008-12-04T12:15:17","guid":{"rendered":"http:\/\/www.schoene-nachrichten.de\/?p=15681"},"modified":"2008-12-15T12:59:38","modified_gmt":"2008-12-15T11:59:38","slug":"kino-der-tag-an-dem-die-erde-stillstand","status":"publish","type":"post","link":"https:\/\/www.fuldaernachrichten.de\/?p=15681","title":{"rendered":"Kino: Der Tag, an dem die Erde stillstand"},"content":{"rendered":"<p><strong>Kino. <\/strong>Er ist gekommen &#8211; DER TAG, AN DEM DIE ERDE STILLSTAND. Auf der ganzen Welt tauchen fremdartige Sph\u00e4ren auf, die global f\u00fcr Unruhen und Panik sorgen. Mit ihnen erscheint Klaatu (Keanu Reeves), Repr\u00e4sentant einer m\u00e4chtigen Allianz von fremden Planeten, die die Erde und die Menschheit schon seit geraumer Zeit beobachten.<\/p>\n<p><a href=\"http:\/\/www.schoene-nachrichten.de\/Video\/081204_Erde_Video.jpg\"><img fetchpriority=\"high\" decoding=\"async\" class=\"alignnone\" title=\"Kino\" src=\"http:\/\/www.schoene-nachrichten.de\/Video\/081204_Erde_Video.jpg\" alt=\"\" width=\"400\" height=\"194\" \/><\/a><\/p>\n<p>Eilig stellt die US-Regierung ein Team von Wissenschaftlern zusammen, um das R\u00e4tsel der Erscheinungen aufkl\u00e4ren und sich einer m\u00f6glichen Bedrohung stellen zu k\u00f6nnen. Unter ihnen ist auch die Biologin Helen (Jennifer Connelly), die nach und nach das gesamte Ausma\u00df von Klaatu\u00e2\u20ac\u2122s Auftrag als \u201eFreund der Erde\u201c begreift \u00e2\u20ac\u00a6<\/p>\n<p><strong>Kinostart am 11.12.2008<\/strong><\/p>\n","protected":false},"excerpt":{"rendered":"<div class=\"tmnf_excerpt\"><p>Kino. Er ist gekommen &#8211; DER TAG, AN DEM DIE ERDE STILLSTAND. Auf der ganzen Welt tauchen fremdartige Sph\u00e4ren auf, die global f\u00fcr Unruhen und Panik sorgen. Mit ihnen erscheint Klaatu (Keanu Reeves), Repr\u00e4sentant einer m\u00e4chtigen Allianz von fremden Planeten, die die Erde und die Menschheit schon seit geraumer Zeit beobachten. Eilig stellt die US-Regierung &hellip;<\/p>\n<\/div>","protected":false},"author":1,"featured_media":0,"comment_status":"closed","ping_status":"closed","sticky":false,"template":"","format":"standard","meta":{"footnotes":""},"categories":[1,79],"tags":[],"class_list":["post-15681","post","type-post","status-publish","format-standard","hentry","category-startseite","category-kino"],"_links":{"self":[{"href":"https:\/\/www.fuldaernachrichten.de\/index.php?rest_route=\/wp\/v2\/posts\/15681","targetHints":{"allow":["GET"]}}],"collection":[{"href":"https:\/\/www.fuldaernachrichten.de\/index.php?rest_route=\/wp\/v2\/posts"}],"about":[{"href":"https:\/\/www.fuldaernachrichten.de\/index.php?rest_route=\/wp\/v2\/types\/post"}],"author":[{"embeddable":true,"href":"https:\/\/www.fuldaernachrichten.de\/index.php?rest_route=\/wp\/v2\/users\/1"}],"replies":[{"embeddable":true,"href":"https:\/\/www.fuldaernachrichten.de\/index.php?rest_route=%2Fwp%2Fv2%2Fcomments&post=15681"}],"version-history":[{"count":12,"href":"https:\/\/www.fuldaernachrichten.de\/index.php?rest_route=\/wp\/v2\/posts\/15681\/revisions"}],"predecessor-version":[{"id":17259,"href":"https:\/\/www.fuldaernachrichten.de\/index.php?rest_route=\/wp\/v2\/posts\/15681\/revisions\/17259"}],"wp:attachment":[{"href":"https:\/\/www.fuldaernachrichten.de\/index.php?rest_route=%2Fwp%2Fv2%2Fmedia&parent=15681"}],"wp:term":[{"taxonomy":"category","embeddable":true,"href":"https:\/\/www.fuldaernachrichten.de\/index.php?rest_route=%2Fwp%2Fv2%2Fcategories&post=15681"},{"taxonomy":"post_tag","embeddable":true,"href":"https:\/\/www.fuldaernachrichten.de\/index.php?rest_route=%2Fwp%2Fv2%2Ftags&post=15681"}],"curies":[{"name":"wp","href":"https:\/\/api.w.org\/{rel}","templated":true}]}}