{"id":156804,"date":"2016-11-05T12:36:22","date_gmt":"2016-11-05T11:36:22","guid":{"rendered":"http:\/\/www.fuldaer-nachrichten.de\/?p=156804"},"modified":"2016-11-05T12:36:22","modified_gmt":"2016-11-05T11:36:22","slug":"2-500-euro-spende-fuer-kinder-und-jugendfoerderung-des-landkreises-fulda","status":"publish","type":"post","link":"https:\/\/www.fuldaernachrichten.de\/?p=156804","title":{"rendered":"2 500 Euro-Spende f\u00fcr Kinder- und Jugendf\u00f6rderung des Landkreises Fulda"},"content":{"rendered":"<p>Der MineralBrunnen Rh\u00f6nSprudel unterst\u00fctzt die Kinder- und Jugendf\u00f6rderung des Landkreises Fulda mit einer Spende in H\u00f6he von 2 500 Euro. \u201eDas ist unser Dank f\u00fcr die Unterst\u00fctzung beim diesj\u00e4hrigen Rh\u00f6nSprudel Biosph\u00e4ren-Camp, denn ohne die Betreuung der Kinder durch die Teamer des Landkreises k\u00f6nnten wir es nicht veranstalten\u201c, sagte Rh\u00f6nSprudel Marketingleiter J\u00fcrgen B\u00fchler.<\/p>\n<p>Aus Anlass der Spenden\u00fcbergabe hatte der MineralBrunnen traditionell zu einem gemeinsamen Abendessen eingeladen, an dem auch die beiden Ranger des Biosph\u00e4renreservats Rh\u00f6n Joachim Walter und Arnold Will sowie die beiden Teamerinnen des Landkreises Fulda Magdalena Schlag und Josephine Hamm teilnahmen. Walter und Will unterst\u00fctzen das Rh\u00f6nSprudel Biosph\u00e4ren-Camp von Anfang an und tragen mit ihren langj\u00e4hrigen Erfahrungen dazu bei, dass die Kinder echte Abenteuer in der Natur erleben.<\/p>\n<p>Das Geld, sagte Dominik de Beisac von der Kinder- und Jugendf\u00f6rderung des Landkreises Fulda, soll Kindern aus sozial schwachen Familien die Teilnahme an Ferienfreizeiten erm\u00f6glichen. \u201eNicht alle Eltern k\u00f6nnen es sich leisten, ihren Sohn oder ihre Tochter mit auf eine Freizeit zu schicken. Deshalb sind wir dem MineralBrunnen Rh\u00f6nSprudel sehr dankbar, der uns jedes Jahr in dieser Hinsicht unterst\u00fctzt.\u201c Das Rh\u00f6nSprudel Biosph\u00e4ren-Camp sei auch f\u00fcr die Teamer des Landkreises immer eine spannende Sache: \u201eSie k\u00f6nnen als junge Erwachsene dort viel \u00fcber die Besonderheiten der Natur des UNESCO-Biosph\u00e4renreservats Rh\u00f6n lernen\u201c, meint de Beisac.<\/p>\n<p>\u201eEs ist schon eine enorme Leistung von Rh\u00f6nSprudel, Jahr f\u00fcr Jahr das Biosph\u00e4ren-Camp in vollem Umfang zu finanzieren und 36 Kindern aus ganz Deutschland die M\u00f6glichkeit zu geben, die Rh\u00f6n zu entdecken\u201c, sagt Ranger Arnold Will. Das Programm entspreche immer dem Gedanken der Nachhaltigkeit. \u201eWas die Kinder heute kennenlernen, werden sie sp\u00e4ter lieben und sch\u00fctzen\u201c, ist sich Will sicher. Es gehe beim Rh\u00f6nSprudel Biosph\u00e4ren-Camp nicht immer nur um die Natur: \u201eDie Kinder lernen beispielsweise, dass man sich aus gesunden Lebensmitteln eine Pizza selbst backen kann, die am Ende viel besser schmeckt als die aus dem Tiefk\u00fchlregal.\u201c<\/p>\n<p>Es sei nicht mehr selbstverst\u00e4ndlich, dass sich junge Menschen in ihrer Freizeit in dem Ma\u00dfe engagieren, wie es die Teamer des Landkreises Fulda beim Rh\u00f6nSprudel Biosph\u00e4ren-Camp tun, hob Rh\u00f6nSprudel Marketingleiter J\u00fcrgen B\u00fchler hervor. \u201eOhne dieses Engagement und das der Ranger k\u00f6nnte das Biosph\u00e4ren-Camp nicht stattfinden. Unsere Partner begeistern die Kinder, und deshalb fahren die Kinder mit Begeisterung wieder nach Hause.\u201c F\u00fcnf Tage und N\u00e4chte rund um die Uhr f\u00fcr 36 M\u00e4dchen und Jungen da zu sein bedeute auch eine enorme Verantwortung, die die jungen Erwachsenen auf sich nehmen. \u201eWir sehen immer die freudigen Gesichter der Teilnehmer und Teilnehmerinnen, wenn sie bei uns ihre Natur-Abenteuer erleben. Vor diesem Hintergrund ist es uns ein Anliegen, mit unserer Spende diese Freude auch anderen Kindern zu erm\u00f6glichen\u201c, sagte B\u00fchler.<\/p>\n","protected":false},"excerpt":{"rendered":"<div class=\"tmnf_excerpt\"><p>Der MineralBrunnen Rh\u00f6nSprudel unterst\u00fctzt die Kinder- und Jugendf\u00f6rderung des Landkreises Fulda mit einer Spende in H\u00f6he von 2 500 Euro. \u201eDas ist unser Dank f\u00fcr die Unterst\u00fctzung beim diesj\u00e4hrigen Rh\u00f6nSprudel Biosph\u00e4ren-Camp, denn ohne die Betreuung der Kinder durch die Teamer des Landkreises k\u00f6nnten wir es nicht veranstalten\u201c, sagte Rh\u00f6nSprudel Marketingleiter J\u00fcrgen B\u00fchler. Aus Anlass der &hellip;<\/p>\n<\/div>","protected":false},"author":1,"featured_media":156808,"comment_status":"closed","ping_status":"closed","sticky":false,"template":"","format":"standard","meta":{"footnotes":""},"categories":[1],"tags":[],"class_list":["post-156804","post","type-post","status-publish","format-standard","has-post-thumbnail","hentry","category-startseite"],"_links":{"self":[{"href":"https:\/\/www.fuldaernachrichten.de\/index.php?rest_route=\/wp\/v2\/posts\/156804","targetHints":{"allow":["GET"]}}],"collection":[{"href":"https:\/\/www.fuldaernachrichten.de\/index.php?rest_route=\/wp\/v2\/posts"}],"about":[{"href":"https:\/\/www.fuldaernachrichten.de\/index.php?rest_route=\/wp\/v2\/types\/post"}],"author":[{"embeddable":true,"href":"https:\/\/www.fuldaernachrichten.de\/index.php?rest_route=\/wp\/v2\/users\/1"}],"replies":[{"embeddable":true,"href":"https:\/\/www.fuldaernachrichten.de\/index.php?rest_route=%2Fwp%2Fv2%2Fcomments&post=156804"}],"version-history":[{"count":1,"href":"https:\/\/www.fuldaernachrichten.de\/index.php?rest_route=\/wp\/v2\/posts\/156804\/revisions"}],"predecessor-version":[{"id":156809,"href":"https:\/\/www.fuldaernachrichten.de\/index.php?rest_route=\/wp\/v2\/posts\/156804\/revisions\/156809"}],"wp:featuredmedia":[{"embeddable":true,"href":"https:\/\/www.fuldaernachrichten.de\/index.php?rest_route=\/wp\/v2\/media\/156808"}],"wp:attachment":[{"href":"https:\/\/www.fuldaernachrichten.de\/index.php?rest_route=%2Fwp%2Fv2%2Fmedia&parent=156804"}],"wp:term":[{"taxonomy":"category","embeddable":true,"href":"https:\/\/www.fuldaernachrichten.de\/index.php?rest_route=%2Fwp%2Fv2%2Fcategories&post=156804"},{"taxonomy":"post_tag","embeddable":true,"href":"https:\/\/www.fuldaernachrichten.de\/index.php?rest_route=%2Fwp%2Fv2%2Ftags&post=156804"}],"curies":[{"name":"wp","href":"https:\/\/api.w.org\/{rel}","templated":true}]}}