{"id":156803,"date":"2016-11-05T12:35:49","date_gmt":"2016-11-05T11:35:49","guid":{"rendered":"http:\/\/www.fuldaer-nachrichten.de\/?p=156803"},"modified":"2016-11-05T12:35:49","modified_gmt":"2016-11-05T11:35:49","slug":"48-millionen-quadratmeter-dach-und-freiflaeche-geeignet","status":"publish","type":"post","link":"https:\/\/www.fuldaernachrichten.de\/?p=156803","title":{"rendered":"4,8 Millionen Quadratmeter Dach- und Freifl\u00e4che geeignet"},"content":{"rendered":"<p>Am vergangenen Montag trafen sich im ITZ rund 70 Experten f\u00fcr Solarenergie sowie Vertretende von Handwerk, Banken sowie St\u00e4dten und Gemeinden, um sich \u00fcber das neue hessenweite Solar-Kataster zu informieren. Das Kataster zeigt, welche D\u00e4cher oder auch Freifl\u00e4chen f\u00fcr die Installation von Solarenergieanlagen besonders gut geeignet sind. Insgesamt wurden 4,8 Millionen Quadratmeter Fl\u00e4che auf der Basis der hessischen Geodaten identifiziert. Die anwesenden Fachleute sehen sogar ein noch h\u00f6heres Potenzial.<\/p>\n<p>80.000 Nutzer allein im ersten Monat<br \/>\nDr. Justus Brans vom Hessischen Ministerium f\u00fcr Wirtschaft und Energie betonte die Dringlichkeit der Energiewende. Das landesweite Solar-Kataster solle helfen, die Potenziale der Solarenergie in Hessen besser zu nutzen. Er wies zugleich auf die sinkenden Kosten f\u00fcr Photovoltaik, Solarthermie und Speicheranlagen hin. Ziel des Solar-Katasters sei es, den B\u00fcrgerinnen und B\u00fcrgern kostenlose und neutrale Informationen zur Verf\u00fcgung zu stellen. Auch sollten Kommunen und Landkreise gezielt bei der Solarf\u00f6rderung unterst\u00fctzt werden. \u201eWir erhoffen uns deutliche Investitionsimpulse zur St\u00e4rkung der lokalen Wirtschaft und m\u00f6chten den positiven Ausbautrend weiter vorantreiben.\u201c Schon im ersten Monat nach der online-Stellung hatte das Solar-Kataster 50.000 Nutzer erreicht.<\/p>\n<p>4,8 Millionen Quadratmeter sehr gut geeignet<br \/>\nFrank Mause vom Amt f\u00fcr Bodenmanagement in Korbach erl\u00e4uterte die Erfassung der Geodaten f\u00fcr das Kataster. So erfuhren die Teilnehmer, wie die Daten durch aufw\u00e4ndige \u00dcberfl\u00fcge mit Laserscans\u00c2\u00a0 gewonnen werden. Laut Sandra Lanig, Projektleiterin der Kl\u00e4rle Gesellschaft f\u00fcr Landmanagement und Umwelt, m\u00fcssten Interessenten nur ihre Adresse eingeben, und das Programm zeige die Eignung des Dachs oder der Freifl\u00e4che an. \u201e2,5 Millionen Quadratmeter auf Wohnh\u00e4usern, 1,6 Millionen auf Gewerbe- und Industriegeb\u00e4uden sowie weitere 500.000 Quadratmeter auf \u00f6ffentlichen Geb\u00e4uden sprechen eine deutliche Sprache.\u201c Die anwesenden Experten sch\u00e4tzten das Potenzial noch deutlich h\u00f6her ein, da inzwischen auch Ost-West D\u00e4cher hocheffizient genutzt werden k\u00f6nnen.<\/p>\n<p>Nutzung der Solarenergie weiter ausbauen<br \/>\nIn kurzen Impulsreferaten stellten Lars Kirchner, Gesch\u00e4ftsf\u00fchrer der Kirchner Solar Group, Christof Schneider vom Di\u00f6zesancaritasverband, Volker Kl\u00f6s, Gesch\u00e4ftsf\u00fchrer Sonneninitiative, Manfred Schaub, Gesch\u00e4ftsf\u00fchrer Energie 2000 und Dieter Kirsch, Energieberater der Verbraucherzentrale Fulda, ihre Projekte zur Nutzung von Solarenergie vor. Das Solar-Kataster wurde als wichtige Orientierungshilfe gesehen, die es auszubauen gelte. \u201eH\u00e4tte es das Solarkataster fr\u00fcher gegeben, w\u00e4ren viele Planungen einfacher gewesen.\u201c Dr. Rainer Kaps, in der Hessen Agentur f\u00fcr das B\u00fcrgerforum Energieland Hessen verantwortlich, bedankte sich bei den Experten f\u00fcr ihre Anregungen zur Weiterentwicklung des Katasters und rief dazu auf, das Solar-Kataster publik zu machen.<\/p>\n<p>Termin<br \/>\nAm Dienstag, 22. November, um 19 Uhr stellt Stefan M\u00fcller vom Geb\u00e4udemanagement des Landkreises im Umweltzentrum Fulda, Johannisstr. 44, das Solar-Kataster und seine Anwendung noch einmal f\u00fcr die breite \u00d6ffentlichkeit vor. Alle Interessenten sind herzlich willkommen. Aus organisatorischen Gr\u00fcnden wird um eine kurze Anmeldung unter stefan.mueller@landkreis-fulda.de gebeten. Weitere Infos unter www.solarkataster.hessen.de<\/p>\n","protected":false},"excerpt":{"rendered":"<div class=\"tmnf_excerpt\"><p>Am vergangenen Montag trafen sich im ITZ rund 70 Experten f\u00fcr Solarenergie sowie Vertretende von Handwerk, Banken sowie St\u00e4dten und Gemeinden, um sich \u00fcber das neue hessenweite Solar-Kataster zu informieren. Das Kataster zeigt, welche D\u00e4cher oder auch Freifl\u00e4chen f\u00fcr die Installation von Solarenergieanlagen besonders gut geeignet sind. Insgesamt wurden 4,8 Millionen Quadratmeter Fl\u00e4che auf der &hellip;<\/p>\n<\/div>","protected":false},"author":1,"featured_media":156806,"comment_status":"closed","ping_status":"closed","sticky":false,"template":"","format":"standard","meta":{"footnotes":""},"categories":[1],"tags":[],"class_list":["post-156803","post","type-post","status-publish","format-standard","has-post-thumbnail","hentry","category-startseite"],"_links":{"self":[{"href":"https:\/\/www.fuldaernachrichten.de\/index.php?rest_route=\/wp\/v2\/posts\/156803","targetHints":{"allow":["GET"]}}],"collection":[{"href":"https:\/\/www.fuldaernachrichten.de\/index.php?rest_route=\/wp\/v2\/posts"}],"about":[{"href":"https:\/\/www.fuldaernachrichten.de\/index.php?rest_route=\/wp\/v2\/types\/post"}],"author":[{"embeddable":true,"href":"https:\/\/www.fuldaernachrichten.de\/index.php?rest_route=\/wp\/v2\/users\/1"}],"replies":[{"embeddable":true,"href":"https:\/\/www.fuldaernachrichten.de\/index.php?rest_route=%2Fwp%2Fv2%2Fcomments&post=156803"}],"version-history":[{"count":1,"href":"https:\/\/www.fuldaernachrichten.de\/index.php?rest_route=\/wp\/v2\/posts\/156803\/revisions"}],"predecessor-version":[{"id":156807,"href":"https:\/\/www.fuldaernachrichten.de\/index.php?rest_route=\/wp\/v2\/posts\/156803\/revisions\/156807"}],"wp:featuredmedia":[{"embeddable":true,"href":"https:\/\/www.fuldaernachrichten.de\/index.php?rest_route=\/wp\/v2\/media\/156806"}],"wp:attachment":[{"href":"https:\/\/www.fuldaernachrichten.de\/index.php?rest_route=%2Fwp%2Fv2%2Fmedia&parent=156803"}],"wp:term":[{"taxonomy":"category","embeddable":true,"href":"https:\/\/www.fuldaernachrichten.de\/index.php?rest_route=%2Fwp%2Fv2%2Fcategories&post=156803"},{"taxonomy":"post_tag","embeddable":true,"href":"https:\/\/www.fuldaernachrichten.de\/index.php?rest_route=%2Fwp%2Fv2%2Ftags&post=156803"}],"curies":[{"name":"wp","href":"https:\/\/api.w.org\/{rel}","templated":true}]}}