{"id":156792,"date":"2016-11-03T21:09:29","date_gmt":"2016-11-03T20:09:29","guid":{"rendered":"http:\/\/www.fuldaer-nachrichten.de\/?p=156792"},"modified":"2016-11-03T21:09:29","modified_gmt":"2016-11-03T20:09:29","slug":"jahreskonzert-der-musikschule-von-barock-bis-filmmusik","status":"publish","type":"post","link":"https:\/\/www.fuldaernachrichten.de\/?p=156792","title":{"rendered":"Jahreskonzert der Musikschule &#8211; Von Barock- bis Filmmusik"},"content":{"rendered":"<p>Zu ihrem Jahreskonzert l\u00e4dt die Musikschule der Stadt Fulda am Samstag, 12. November, um 19 Uhr in den F\u00fcrstensaal des Stadtschlosses ein. Geboten wird ein abwechslungsreiches Programm, das alle Epochen von der Barockzeit bis zur Gegenwart umfasst und auch Filmmusik miteinschlie\u00dft. Neben solistischen und kammermusikalischen Beitr\u00e4gen werden das Querfl\u00f6tenensemble \u201eTop the Flute\u201c und der Chor der Musikschule zu h\u00f6ren sein.<\/p>\n","protected":false},"excerpt":{"rendered":"<div class=\"tmnf_excerpt\"><p>Zu ihrem Jahreskonzert l\u00e4dt die Musikschule der Stadt Fulda am Samstag, 12. November, um 19 Uhr in den F\u00fcrstensaal des Stadtschlosses ein. Geboten wird ein abwechslungsreiches Programm, das alle Epochen von der Barockzeit bis zur Gegenwart umfasst und auch Filmmusik miteinschlie\u00dft. Neben solistischen und kammermusikalischen Beitr\u00e4gen werden das Querfl\u00f6tenensemble \u201eTop the Flute\u201c und der Chor &hellip;<\/p>\n<\/div>","protected":false},"author":1,"featured_media":0,"comment_status":"closed","ping_status":"closed","sticky":false,"template":"","format":"standard","meta":{"footnotes":""},"categories":[1],"tags":[],"class_list":["post-156792","post","type-post","status-publish","format-standard","hentry","category-startseite"],"_links":{"self":[{"href":"https:\/\/www.fuldaernachrichten.de\/index.php?rest_route=\/wp\/v2\/posts\/156792","targetHints":{"allow":["GET"]}}],"collection":[{"href":"https:\/\/www.fuldaernachrichten.de\/index.php?rest_route=\/wp\/v2\/posts"}],"about":[{"href":"https:\/\/www.fuldaernachrichten.de\/index.php?rest_route=\/wp\/v2\/types\/post"}],"author":[{"embeddable":true,"href":"https:\/\/www.fuldaernachrichten.de\/index.php?rest_route=\/wp\/v2\/users\/1"}],"replies":[{"embeddable":true,"href":"https:\/\/www.fuldaernachrichten.de\/index.php?rest_route=%2Fwp%2Fv2%2Fcomments&post=156792"}],"version-history":[{"count":1,"href":"https:\/\/www.fuldaernachrichten.de\/index.php?rest_route=\/wp\/v2\/posts\/156792\/revisions"}],"predecessor-version":[{"id":156795,"href":"https:\/\/www.fuldaernachrichten.de\/index.php?rest_route=\/wp\/v2\/posts\/156792\/revisions\/156795"}],"wp:attachment":[{"href":"https:\/\/www.fuldaernachrichten.de\/index.php?rest_route=%2Fwp%2Fv2%2Fmedia&parent=156792"}],"wp:term":[{"taxonomy":"category","embeddable":true,"href":"https:\/\/www.fuldaernachrichten.de\/index.php?rest_route=%2Fwp%2Fv2%2Fcategories&post=156792"},{"taxonomy":"post_tag","embeddable":true,"href":"https:\/\/www.fuldaernachrichten.de\/index.php?rest_route=%2Fwp%2Fv2%2Ftags&post=156792"}],"curies":[{"name":"wp","href":"https:\/\/api.w.org\/{rel}","templated":true}]}}