{"id":156787,"date":"2016-11-03T21:09:05","date_gmt":"2016-11-03T20:09:05","guid":{"rendered":"http:\/\/www.fuldaer-nachrichten.de\/?p=156787"},"modified":"2016-11-03T21:09:05","modified_gmt":"2016-11-03T20:09:05","slug":"landwirtschaftsministerin-priska-hinz-bei-der-fachtagung-regional-bio-hessisch-in-kuenzell","status":"publish","type":"post","link":"https:\/\/www.fuldaernachrichten.de\/?p=156787","title":{"rendered":"Landwirtschaftsministerin Priska Hinz bei der Fachtagung \u201eRegional.Bio.Hessisch\u201c in K\u00fcnzell"},"content":{"rendered":"<p>\u201eHessen ist im \u00d6kolandbau bundesweit Spitzenreiter \u2013 diese Position wollen wir behalten. Der \u00d6koaktionsplan der Landesregierung schafft hierf\u00fcr die richtigen Rahmenbedingungen. Allerdings geht es uns nicht allein um den Ausbau der \u00d6koanbaufl\u00e4che. Vielmehr wollen wir auch den Absatz regionaler Produkte in Hessen erh\u00f6hen. Die heutige Tagung zeigt, dass unsere Agrarpolitik wirkt und sich die hessische Landwirtschaft trotz schwieriger Zeiten dem anstehenden Wandel angenommen hat\u201c, sagte Landwirtschaftsministerin Priska Hinz in ihrem Gru\u00dfwort anl\u00e4sslich der Fachtagung \u201eRegional.Bio.Hessisch\u201c in K\u00fcnzell. Erstmals haben sich hier die drei hessischen \u00d6komodellregionen und das Vermarktungsprojekt der Aktionsgemeinschaft \u201eEcht hessisch\u201c pr\u00e4sentiert und erste Projekte vorgestellt. Das Land unterst\u00fctzt sowohl die Modellregionen als auch die Aktionsgemeinschaft finanziell.<\/p>\n<p>\u201eUns geht es um eine zukunftsf\u00e4hige Landwirtschaft. Dazu geh\u00f6rt nicht nur eine St\u00e4rkung des \u00f6kologischen Landbaus, sondern auch ein Ausbau der Direktvermarktung und des Vertriebs regionaler Produkte sowie das Engagement konventioneller Betriebe im Sinne des Klima- und Gew\u00e4sserschutzes und der Biodiversit\u00e4t\u201c, so Hinz weiter. Auch Verbraucherinnen und Verbraucher fragen zunehmend nach regionalen und \u00f6kologisch erzeugten Lebensmitteln. \u201eIn Hessen ist seit 2014 ist viel passiert: 12 Prozent der landwirtschaftlichen Nutzfl\u00e4che werden \u00f6kologisch bewirtschaftet. Auch die Zahl der Erzeugerbetriebe, die nach der EU-\u00d6kolandbauverordnung kontrolliert werden, ist von 668 auf 712 Betriebe angewachsen. Die Initiative f\u00fcr gentechnikfreies Futter hat bereits jetzt zu 7.000 Hektar Anbaufl\u00e4che mit Eiwei\u00dfpflanzen gef\u00fchrt. Ich finde, darauf k\u00f6nnen wir stolz sein, denn es zeigt, dass wir auf dem richtigen Weg sind\u201c, so die Ministerin.<\/p>\n<p>Rund 150 Teilnehmerinnen und Teilnehmer konnten sich auf der Fachtagung in K\u00fcnzell \u00fcber konkrete landwirtschaftliche Projekte informieren und miteinander austauschen. So stellten sich neben den \u00d6komodellregionen zum Beispiel auch die Marke \u201eLandmarkt\u201c, das Biosiegel Hessen, die Food Assembly Marburg, das Projekt \u201eWasserschutzbrot\u201c aus der Rh\u00f6n und die Initiative \u201eMahlzeit! Leckeres f\u00fcr die Schule\u201c (Regionalbauernverbandes und Hessischen Bauernverband) vor.<\/p>\n","protected":false},"excerpt":{"rendered":"<div class=\"tmnf_excerpt\"><p>\u201eHessen ist im \u00d6kolandbau bundesweit Spitzenreiter \u2013 diese Position wollen wir behalten. Der \u00d6koaktionsplan der Landesregierung schafft hierf\u00fcr die richtigen Rahmenbedingungen. Allerdings geht es uns nicht allein um den Ausbau der \u00d6koanbaufl\u00e4che. Vielmehr wollen wir auch den Absatz regionaler Produkte in Hessen erh\u00f6hen. Die heutige Tagung zeigt, dass unsere Agrarpolitik wirkt und sich die hessische &hellip;<\/p>\n<\/div>","protected":false},"author":1,"featured_media":0,"comment_status":"closed","ping_status":"closed","sticky":false,"template":"","format":"standard","meta":{"footnotes":""},"categories":[1],"tags":[],"class_list":["post-156787","post","type-post","status-publish","format-standard","hentry","category-startseite"],"_links":{"self":[{"href":"https:\/\/www.fuldaernachrichten.de\/index.php?rest_route=\/wp\/v2\/posts\/156787","targetHints":{"allow":["GET"]}}],"collection":[{"href":"https:\/\/www.fuldaernachrichten.de\/index.php?rest_route=\/wp\/v2\/posts"}],"about":[{"href":"https:\/\/www.fuldaernachrichten.de\/index.php?rest_route=\/wp\/v2\/types\/post"}],"author":[{"embeddable":true,"href":"https:\/\/www.fuldaernachrichten.de\/index.php?rest_route=\/wp\/v2\/users\/1"}],"replies":[{"embeddable":true,"href":"https:\/\/www.fuldaernachrichten.de\/index.php?rest_route=%2Fwp%2Fv2%2Fcomments&post=156787"}],"version-history":[{"count":1,"href":"https:\/\/www.fuldaernachrichten.de\/index.php?rest_route=\/wp\/v2\/posts\/156787\/revisions"}],"predecessor-version":[{"id":156793,"href":"https:\/\/www.fuldaernachrichten.de\/index.php?rest_route=\/wp\/v2\/posts\/156787\/revisions\/156793"}],"wp:attachment":[{"href":"https:\/\/www.fuldaernachrichten.de\/index.php?rest_route=%2Fwp%2Fv2%2Fmedia&parent=156787"}],"wp:term":[{"taxonomy":"category","embeddable":true,"href":"https:\/\/www.fuldaernachrichten.de\/index.php?rest_route=%2Fwp%2Fv2%2Fcategories&post=156787"},{"taxonomy":"post_tag","embeddable":true,"href":"https:\/\/www.fuldaernachrichten.de\/index.php?rest_route=%2Fwp%2Fv2%2Ftags&post=156787"}],"curies":[{"name":"wp","href":"https:\/\/api.w.org\/{rel}","templated":true}]}}