{"id":156773,"date":"2016-11-03T21:05:17","date_gmt":"2016-11-03T20:05:17","guid":{"rendered":"http:\/\/www.fuldaer-nachrichten.de\/?p=156773"},"modified":"2016-11-03T21:05:17","modified_gmt":"2016-11-03T20:05:17","slug":"lesung-und-bild-praesentation","status":"publish","type":"post","link":"https:\/\/www.fuldaernachrichten.de\/?p=156773","title":{"rendered":"Lesung und Bild-Pr\u00e4sentation"},"content":{"rendered":"<p><a href=\"http:\/\/www.fuldaer-nachrichten.de\/wp-content\/uploads\/2016\/11\/Foto_Vinke_\u00c2\u00a9privat.jpg\"><img decoding=\"async\" class=\"alignleft size-thumbnail wp-image-156778\" src=\"http:\/\/www.fuldaer-nachrichten.de\/wp-content\/uploads\/2016\/11\/Foto_Vinke_\u00c2\u00a9privat-265x177.jpg\" alt=\"foto_vinke_privat\" width=\"265\" height=\"177\" \/><\/a>n der Reihe &#8220;Leseland Hessen&#8221; l\u00e4dt der F\u00f6rderverein Landsynagoge Heubach f\u00fcr Sonntag, 6. November, zu einer Doppelveranstaltung ein. Der Autor Hermann Vinke wird aus seiner Biografie Wilm Hosenfelds lesen. Nazi? Katholik? Humanist? Wer war Wilm Hosenfeld? Dieser Frage geht Vinke in seinem Buch nach. Er zeichnet darin ein ehrliches Bild des aus Mackenzell geb\u00fcrtigen P\u00e4dagogen und Wehrmachtshauptmanns, der nicht \u201enur\u201c den durch den Film \u201eDer Pianist\u201c bekannten Wladyslaw Szpilman vor den Nazi-Schergen rettete. Die Fuldaer Buchhandlung am Dom bietet eine B\u00fcchertisch an.<\/p>\n<p>Vor der Lesung wird die Fuldaer Malerin Britta Blenk beschreiben, welchen Prozess die Auseinandersetzung mit dem Gedicht &#8220;Die Kinderschuhe aus Lublin&#8221; in ihr ausgel\u00f6st hat. Britta Blenk hat den Text in ein Gem\u00e4lde umgesetzt, das in der Veranstaltung zu sehen sein wird. Vor Vinkes Lesung wird sie ihre Arbeit, der sie den Titel &#8220;Im Gedenken&#8221; gegebn hat, vorstellen.<\/p>\n<p>Die Veranstaltung in der ehemaligen Synagoge (Friedensstra\u00dfe 9, Kalbach-Heubach) beginnt um 17 Uhr. Zwischen Bildvorstellung und Lesung wird es eine kurze Pause geben. Der Eintritt ist frei, es wird um eine Spende gebeten.<\/p>\n","protected":false},"excerpt":{"rendered":"<div class=\"tmnf_excerpt\"><p>n der Reihe &#8220;Leseland Hessen&#8221; l\u00e4dt der F\u00f6rderverein Landsynagoge Heubach f\u00fcr Sonntag, 6. November, zu einer Doppelveranstaltung ein. Der Autor Hermann Vinke wird aus seiner Biografie Wilm Hosenfelds lesen. Nazi? Katholik? Humanist? Wer war Wilm Hosenfeld? Dieser Frage geht Vinke in seinem Buch nach. Er zeichnet darin ein ehrliches Bild des aus Mackenzell geb\u00fcrtigen P\u00e4dagogen &hellip;<\/p>\n<\/div>","protected":false},"author":1,"featured_media":156777,"comment_status":"closed","ping_status":"closed","sticky":false,"template":"","format":"standard","meta":{"footnotes":""},"categories":[1],"tags":[],"class_list":["post-156773","post","type-post","status-publish","format-standard","has-post-thumbnail","hentry","category-startseite"],"_links":{"self":[{"href":"https:\/\/www.fuldaernachrichten.de\/index.php?rest_route=\/wp\/v2\/posts\/156773","targetHints":{"allow":["GET"]}}],"collection":[{"href":"https:\/\/www.fuldaernachrichten.de\/index.php?rest_route=\/wp\/v2\/posts"}],"about":[{"href":"https:\/\/www.fuldaernachrichten.de\/index.php?rest_route=\/wp\/v2\/types\/post"}],"author":[{"embeddable":true,"href":"https:\/\/www.fuldaernachrichten.de\/index.php?rest_route=\/wp\/v2\/users\/1"}],"replies":[{"embeddable":true,"href":"https:\/\/www.fuldaernachrichten.de\/index.php?rest_route=%2Fwp%2Fv2%2Fcomments&post=156773"}],"version-history":[{"count":1,"href":"https:\/\/www.fuldaernachrichten.de\/index.php?rest_route=\/wp\/v2\/posts\/156773\/revisions"}],"predecessor-version":[{"id":156779,"href":"https:\/\/www.fuldaernachrichten.de\/index.php?rest_route=\/wp\/v2\/posts\/156773\/revisions\/156779"}],"wp:featuredmedia":[{"embeddable":true,"href":"https:\/\/www.fuldaernachrichten.de\/index.php?rest_route=\/wp\/v2\/media\/156777"}],"wp:attachment":[{"href":"https:\/\/www.fuldaernachrichten.de\/index.php?rest_route=%2Fwp%2Fv2%2Fmedia&parent=156773"}],"wp:term":[{"taxonomy":"category","embeddable":true,"href":"https:\/\/www.fuldaernachrichten.de\/index.php?rest_route=%2Fwp%2Fv2%2Fcategories&post=156773"},{"taxonomy":"post_tag","embeddable":true,"href":"https:\/\/www.fuldaernachrichten.de\/index.php?rest_route=%2Fwp%2Fv2%2Ftags&post=156773"}],"curies":[{"name":"wp","href":"https:\/\/api.w.org\/{rel}","templated":true}]}}