{"id":156753,"date":"2016-11-02T21:22:03","date_gmt":"2016-11-02T20:22:03","guid":{"rendered":"http:\/\/www.fuldaer-nachrichten.de\/?p=156753"},"modified":"2016-11-02T21:22:03","modified_gmt":"2016-11-02T20:22:03","slug":"selbstbehauptungstraining-fuer-frauen-im-beruf","status":"publish","type":"post","link":"https:\/\/www.fuldaernachrichten.de\/?p=156753","title":{"rendered":"Selbstbehauptungstraining f\u00fcr Frauen im Beruf"},"content":{"rendered":"<p>Zu einem Workshop zum Thema \u201eIch! &#8211; Selbstbehauptungstraining f\u00fcr Frauen im Beruf\u201c l\u00e4dt das Frauenb\u00fcro der Stadt Fulda am Samstag, 19. November, von 9 bis 16 Uhr ins Frauenzentrum Fulda, Schlossstra\u00dfe 12, ein.<\/p>\n<p>Es geht um Fragestellungen wir: Wie vertrete ich deutlich meine Meinung, Bed\u00fcrfnisse und Interessen? Wie grenze ich mich ab und lerne \u201eNein!\u201c zu sagen, wenn es n\u00f6tig ist? Der Workshop unter Leitung von Eva Heymann, Marketing- und Kommunikationsberaterin, beinhaltet folgende Schwerpunkte:<\/p>\n<p>\u00e2\u20ac\u00a2\u00c2\u00a0\u00c2\u00a0 \u00c2\u00a0Angstsatz \u2013 Kraftsatz \u2013 Handlungssatz<br \/>\n\u00e2\u20ac\u00a2\u00c2\u00a0\u00c2\u00a0 \u00c2\u00a0Ich schreie mich frei!<br \/>\n\u00e2\u20ac\u00a2\u00c2\u00a0\u00c2\u00a0 \u00c2\u00a0Ich \u00fcbe Kritik und bin offen f\u00fcr Kritik<br \/>\n\u00e2\u20ac\u00a2\u00c2\u00a0\u00c2\u00a0 \u00c2\u00a0Ich sage \u201eNein\u201c, wenn ich \u201eNein!\u201c meine!<br \/>\n\u00e2\u20ac\u00a2\u00c2\u00a0\u00c2\u00a0 \u00c2\u00a0Ich bin im Umgang mit Vorgesetzten souver\u00e4n!<br \/>\n\u00e2\u20ac\u00a2\u00c2\u00a0\u00c2\u00a0 \u00c2\u00a0Ich trete \u00fcberzeugend auf!<\/p>\n<p>Anmeldung ist bis 9. November im Frauenb\u00fcro, Tel. 0661 102 1042, m\u00f6glich (Teilnahmebeitrag: 35 Euro).<\/p>\n<p>Infos unter: http:\/\/www.frauenbuero-fulda.de<\/p>\n","protected":false},"excerpt":{"rendered":"<div class=\"tmnf_excerpt\"><p>Zu einem Workshop zum Thema \u201eIch! &#8211; Selbstbehauptungstraining f\u00fcr Frauen im Beruf\u201c l\u00e4dt das Frauenb\u00fcro der Stadt Fulda am Samstag, 19. November, von 9 bis 16 Uhr ins Frauenzentrum Fulda, Schlossstra\u00dfe 12, ein. Es geht um Fragestellungen wir: Wie vertrete ich deutlich meine Meinung, Bed\u00fcrfnisse und Interessen? Wie grenze ich mich ab und lerne \u201eNein!\u201c &hellip;<\/p>\n<\/div>","protected":false},"author":1,"featured_media":0,"comment_status":"closed","ping_status":"closed","sticky":false,"template":"","format":"standard","meta":{"footnotes":""},"categories":[1],"tags":[],"class_list":["post-156753","post","type-post","status-publish","format-standard","hentry","category-startseite"],"_links":{"self":[{"href":"https:\/\/www.fuldaernachrichten.de\/index.php?rest_route=\/wp\/v2\/posts\/156753","targetHints":{"allow":["GET"]}}],"collection":[{"href":"https:\/\/www.fuldaernachrichten.de\/index.php?rest_route=\/wp\/v2\/posts"}],"about":[{"href":"https:\/\/www.fuldaernachrichten.de\/index.php?rest_route=\/wp\/v2\/types\/post"}],"author":[{"embeddable":true,"href":"https:\/\/www.fuldaernachrichten.de\/index.php?rest_route=\/wp\/v2\/users\/1"}],"replies":[{"embeddable":true,"href":"https:\/\/www.fuldaernachrichten.de\/index.php?rest_route=%2Fwp%2Fv2%2Fcomments&post=156753"}],"version-history":[{"count":1,"href":"https:\/\/www.fuldaernachrichten.de\/index.php?rest_route=\/wp\/v2\/posts\/156753\/revisions"}],"predecessor-version":[{"id":156757,"href":"https:\/\/www.fuldaernachrichten.de\/index.php?rest_route=\/wp\/v2\/posts\/156753\/revisions\/156757"}],"wp:attachment":[{"href":"https:\/\/www.fuldaernachrichten.de\/index.php?rest_route=%2Fwp%2Fv2%2Fmedia&parent=156753"}],"wp:term":[{"taxonomy":"category","embeddable":true,"href":"https:\/\/www.fuldaernachrichten.de\/index.php?rest_route=%2Fwp%2Fv2%2Fcategories&post=156753"},{"taxonomy":"post_tag","embeddable":true,"href":"https:\/\/www.fuldaernachrichten.de\/index.php?rest_route=%2Fwp%2Fv2%2Ftags&post=156753"}],"curies":[{"name":"wp","href":"https:\/\/api.w.org\/{rel}","templated":true}]}}