{"id":156751,"date":"2016-11-02T21:22:39","date_gmt":"2016-11-02T20:22:39","guid":{"rendered":"http:\/\/www.fuldaer-nachrichten.de\/?p=156751"},"modified":"2016-11-02T21:22:39","modified_gmt":"2016-11-02T20:22:39","slug":"energie-exkursion-nach-bad-hersfeld","status":"publish","type":"post","link":"https:\/\/www.fuldaernachrichten.de\/?p=156751","title":{"rendered":"Energie-Exkursion nach Bad Hersfeld"},"content":{"rendered":"<p>Im Rahmen der 23. Fuldaer Energiesparwochen findet am Montag, den 7. November eine Energie-Exkursion nach Bad Hersfeld statt. Zun\u00e4chst erfolgt ein Besuch des E-Punkts. Verkehrsg\u00fcnstig im dortigen Stadthaus gelegen ist der E-Punkt unabh\u00e4ngige und kompetente Anlaufstelle f\u00fcr Beratungen rund um das Thema Energiesparen, Nachhaltigkeit und Sanierung. Seine Angebote richten sich an Mieter, Hauseigent\u00fcmer und Unternehmer. Die Stadtwerke Bad Hersfeld , die B\u00fcrger Energie Hersfeld Genossenschaft und die Verbraucherzentrale Hessen e.V. haben gemeinsam mit dem Klimaschutzbeauftragten der Stadt Bad Hersfeld diese Beratungsstelle eingerichtet. Beim Exkursionstermin wird der Klimaschutzbeauftragte Dipl.-Ing. Guido Spohr die Einrichtung vorstellen. Zudem wird er Einblicke geben in die auf Energieeffizienz abzielende Stadt- und Raumplanung der Stadt Bad Hersfeld.<\/p>\n<p>Im Anschluss erfolgt der Besuch eines 1972 gebauten Hochhauses in Bad Hersfeld mit insgesamt 89 Wohneinheiten. Hieraus soll ein Plus-Energiehaus werden. Der Investor stellt vor Ort die geplanten energetischen Ma\u00dfnahmen vor.<\/p>\n<p>Die Teilnahme ist kostenlos und wird ab Fulda per Fahrgemeinschaften organisiert. Treffpunkt ist um 14 Uhr der Parkplatz vor dem Stadion beim Umweltzentrum Fulda in der Johannisstra\u00dfe 44. Hier werden die Teilnehmer nach der Exkursion wieder um 18 Uhr ankommen. Interessierte, die direkt zum E-Punkt kommen wollen, finden sich am E-Punkt Bad Hersfeld, Klaustor 3, um 14:45 Uhr ein.<\/p>\n<p>Die 23. Fuldaer Energiesparwochen liefern mit 20 Veranstaltungen Informationen zu Energiesparen und Klimaschutz, zu Strom und Wasser, Haussanierung und Photovoltaik. Neben Vortr\u00e4gen gibt es auch Mitmachangebote und Exkursionen. Die Energiesparwochen finden j\u00e4hrlich statt. Als Schirmherren wechseln sich der Landrat des Kreises Fulda und der Oberb\u00fcrgermeister der Stadt Fulda ab. Dieses Jahr ist der Fuldaer Landrat Bernd Woide an der Reihe.<\/p>\n<p>Weitere Informationen zu den Energiesparwochen finden sich im Internet unter:<br \/>\nhttp:\/\/www.umweltzentrum-fulda.de\/fuldaer_energiesparwochen.html<\/p>\n","protected":false},"excerpt":{"rendered":"<div class=\"tmnf_excerpt\"><p>Im Rahmen der 23. Fuldaer Energiesparwochen findet am Montag, den 7. November eine Energie-Exkursion nach Bad Hersfeld statt. Zun\u00e4chst erfolgt ein Besuch des E-Punkts. Verkehrsg\u00fcnstig im dortigen Stadthaus gelegen ist der E-Punkt unabh\u00e4ngige und kompetente Anlaufstelle f\u00fcr Beratungen rund um das Thema Energiesparen, Nachhaltigkeit und Sanierung. Seine Angebote richten sich an Mieter, Hauseigent\u00fcmer und Unternehmer. &hellip;<\/p>\n<\/div>","protected":false},"author":1,"featured_media":156759,"comment_status":"closed","ping_status":"closed","sticky":false,"template":"","format":"standard","meta":{"footnotes":""},"categories":[1],"tags":[],"class_list":["post-156751","post","type-post","status-publish","format-standard","has-post-thumbnail","hentry","category-startseite"],"_links":{"self":[{"href":"https:\/\/www.fuldaernachrichten.de\/index.php?rest_route=\/wp\/v2\/posts\/156751","targetHints":{"allow":["GET"]}}],"collection":[{"href":"https:\/\/www.fuldaernachrichten.de\/index.php?rest_route=\/wp\/v2\/posts"}],"about":[{"href":"https:\/\/www.fuldaernachrichten.de\/index.php?rest_route=\/wp\/v2\/types\/post"}],"author":[{"embeddable":true,"href":"https:\/\/www.fuldaernachrichten.de\/index.php?rest_route=\/wp\/v2\/users\/1"}],"replies":[{"embeddable":true,"href":"https:\/\/www.fuldaernachrichten.de\/index.php?rest_route=%2Fwp%2Fv2%2Fcomments&post=156751"}],"version-history":[{"count":1,"href":"https:\/\/www.fuldaernachrichten.de\/index.php?rest_route=\/wp\/v2\/posts\/156751\/revisions"}],"predecessor-version":[{"id":156760,"href":"https:\/\/www.fuldaernachrichten.de\/index.php?rest_route=\/wp\/v2\/posts\/156751\/revisions\/156760"}],"wp:featuredmedia":[{"embeddable":true,"href":"https:\/\/www.fuldaernachrichten.de\/index.php?rest_route=\/wp\/v2\/media\/156759"}],"wp:attachment":[{"href":"https:\/\/www.fuldaernachrichten.de\/index.php?rest_route=%2Fwp%2Fv2%2Fmedia&parent=156751"}],"wp:term":[{"taxonomy":"category","embeddable":true,"href":"https:\/\/www.fuldaernachrichten.de\/index.php?rest_route=%2Fwp%2Fv2%2Fcategories&post=156751"},{"taxonomy":"post_tag","embeddable":true,"href":"https:\/\/www.fuldaernachrichten.de\/index.php?rest_route=%2Fwp%2Fv2%2Ftags&post=156751"}],"curies":[{"name":"wp","href":"https:\/\/api.w.org\/{rel}","templated":true}]}}