{"id":15675,"date":"2008-12-04T17:01:09","date_gmt":"2008-12-04T16:01:09","guid":{"rendered":"http:\/\/www.schoene-nachrichten.de\/?p=15675"},"modified":"2008-12-04T12:04:34","modified_gmt":"2008-12-04T11:04:34","slug":"umweltminister-wilhelm-dietzel-unterzeichnet-vereinbarung-zur-zusammenarbeit-im-erfahrungsaustausch-ueber-wasserknappheit-und-duerre","status":"publish","type":"post","link":"https:\/\/www.fuldaernachrichten.de\/?p=15675","title":{"rendered":"Umweltminister Wilhelm Dietzel unterzeichnet Vereinbarung zur Zusammenarbeit im Erfahrungsaustausch \u00fcber \u201eWasserknappheit und D\u00fcrre\u201c"},"content":{"rendered":"<p><strong>\u00dcberregional.<\/strong> Grundsteinlegung f\u00fcr zuk\u00fcnftige fachliche und politische Zusammenarbeit mit Projektpartnerregionen -\u00c2\u00a0 Der Hessische Umweltminister Wilhelm Dietzel hat heute gemeinsam mit dem Umweltminister Lino Zanichelli der italienischen Region Emilia-Romagna sowie dem Umweltminister Alfredo Bon\u00e9 der spanischen Region Arag\u00c3\u00b3n eine Vereinbarung \u00fcber die zuk\u00fcnftige Zusammenarbeit im Erfahrungsaustausch \u00fcber \u201eWasserknappheit und D\u00fcrre\u201c unterzeichnet.<!--more--><br \/>\n\u201eDie Projektidee zielt darauf ab, unter Inanspruchnahme g\u00e4ngiger technischer Medien eine europaweite Plattform f\u00fcr Regionen und Kommunen f\u00fcr den Erfahrungsaustausch \u00fcber \u00e2\u20ac\u0161Wasserknappheit und D\u00fcrre\u00e2\u20ac\u2122 zu schaffen\u201c, erkl\u00e4rte Minister Dietzel.<\/p>\n<p>Die regionen-\u00fcbergreifende Zusammenarbeit soll im Rahmen eines gemeinsamen INTERREG IV C-Projektes erfolgen. Als weitere Projektpartnerregionen werden sich neben Hessen, Emilia-Romagna und Arag\u00c3\u00b3n auch Covasna in Rum\u00e4nien, Nieder-Tiszna in Ungarn, Noord-Brabant in den Niederlanden sowie H\u00e9rault in Frankreich engagieren. Dar\u00fcber hinaus bringen auch die nationalen Umweltministerien Ungarns und Rum\u00e4niens ihre starke politische Unterst\u00fctzung f\u00fcr diese regionale Zusammenarbeit zum Ausdruck.<\/p>\n<p>Die Projektpartnerregionen erstellen derzeit gemeinsam den umfangreichen Projektantrag. Mit einer Realisierung der europaweiten Aktivit\u00e4ten wird voraussichtlich zwischen dem Sommer 2009 und dem Jahr 2012 erfolgen.<\/p>\n<p><strong>Themenschwerpunkte des gemeinsamen INTERREG-Projekt werden sein:<\/strong><\/p>\n<ul>\n<li>Rationelle Wasserverwendung wie Minimierung der Wasserverluste der asserversorgungsunternehmen, Grau- und Regenwassernutzung, landwirtschaftliche Beregnung<\/li>\n<li>Aufbau von Fr\u00fchwarnsystemen zur Vermeidung von Sch\u00e4den bei Wasserknappheit<\/li>\n<li>Anpassungsstrategien insbesondere im Bereich der Wasserinfrastrukturen zur<\/li>\n<li>Reduzierung von Auswirkungen des Klimawandels<\/li>\n<li>Multimedia-, Marketingstrategie und \u00d6ffentlichkeitsarbeit zur rationellen Wasserverwendung<\/li>\n<li>Benchmarkingprojekte im Bereich der Wasserinfrastruktur (Wasserver- und Abwasserentsorgung)<\/li>\n<li>Innovative Technologien und Wasserdienstleistungen zur Verbesserung der Effizienz der Nutzung von Wasserressourcen.<\/li>\n<\/ul>\n<p>\u201eUnter Ber\u00fccksichtigung der prognostizierten Auswirkungen des Klimawandels, dem zu erwartenden steigenden Wasserstress im Rhein-Main-Gebiet sowie der prognostizierten demographischen Entwicklung und deren Folgen insbesondere f\u00fcr die Wasserversorgung stellt\u00c2\u00a0 das geplante regionen\u00fcbergreifende Projekt eine hervorragende Plattform dar, um f\u00fcr das Land Hessen und seine Kommunen fr\u00fchzeitig Anpassungsstrategien zu entwickeln\u201c, betonte der Minister abschlie\u00dfend.<\/p>\n","protected":false},"excerpt":{"rendered":"<div class=\"tmnf_excerpt\"><p>\u00dcberregional. Grundsteinlegung f\u00fcr zuk\u00fcnftige fachliche und politische Zusammenarbeit mit Projektpartnerregionen -\u00c2\u00a0 Der Hessische Umweltminister Wilhelm Dietzel hat heute gemeinsam mit dem Umweltminister Lino Zanichelli der italienischen Region Emilia-Romagna sowie dem Umweltminister Alfredo Bon\u00e9 der spanischen Region Arag\u00c3\u00b3n eine Vereinbarung \u00fcber die zuk\u00fcnftige Zusammenarbeit im Erfahrungsaustausch \u00fcber \u201eWasserknappheit und D\u00fcrre\u201c unterzeichnet.<\/p>\n<\/div>","protected":false},"author":1,"featured_media":0,"comment_status":"closed","ping_status":"closed","sticky":false,"template":"","format":"standard","meta":{"footnotes":""},"categories":[1,29,52],"tags":[],"class_list":["post-15675","post","type-post","status-publish","format-standard","hentry","category-startseite","category-politik","category-umwelt"],"_links":{"self":[{"href":"https:\/\/www.fuldaernachrichten.de\/index.php?rest_route=\/wp\/v2\/posts\/15675","targetHints":{"allow":["GET"]}}],"collection":[{"href":"https:\/\/www.fuldaernachrichten.de\/index.php?rest_route=\/wp\/v2\/posts"}],"about":[{"href":"https:\/\/www.fuldaernachrichten.de\/index.php?rest_route=\/wp\/v2\/types\/post"}],"author":[{"embeddable":true,"href":"https:\/\/www.fuldaernachrichten.de\/index.php?rest_route=\/wp\/v2\/users\/1"}],"replies":[{"embeddable":true,"href":"https:\/\/www.fuldaernachrichten.de\/index.php?rest_route=%2Fwp%2Fv2%2Fcomments&post=15675"}],"version-history":[{"count":1,"href":"https:\/\/www.fuldaernachrichten.de\/index.php?rest_route=\/wp\/v2\/posts\/15675\/revisions"}],"predecessor-version":[{"id":15676,"href":"https:\/\/www.fuldaernachrichten.de\/index.php?rest_route=\/wp\/v2\/posts\/15675\/revisions\/15676"}],"wp:attachment":[{"href":"https:\/\/www.fuldaernachrichten.de\/index.php?rest_route=%2Fwp%2Fv2%2Fmedia&parent=15675"}],"wp:term":[{"taxonomy":"category","embeddable":true,"href":"https:\/\/www.fuldaernachrichten.de\/index.php?rest_route=%2Fwp%2Fv2%2Fcategories&post=15675"},{"taxonomy":"post_tag","embeddable":true,"href":"https:\/\/www.fuldaernachrichten.de\/index.php?rest_route=%2Fwp%2Fv2%2Ftags&post=15675"}],"curies":[{"name":"wp","href":"https:\/\/api.w.org\/{rel}","templated":true}]}}