{"id":156733,"date":"2016-11-02T21:20:14","date_gmt":"2016-11-02T20:20:14","guid":{"rendered":"http:\/\/www.fuldaer-nachrichten.de\/?p=156733"},"modified":"2016-11-02T21:20:14","modified_gmt":"2016-11-02T20:20:14","slug":"das-vernetzte-auto-was-ist-technisch-moeglich-was-ist-rechtlich-zulaessig","status":"publish","type":"post","link":"https:\/\/www.fuldaernachrichten.de\/?p=156733","title":{"rendered":"Das vernetzte Auto \u2013 was ist technisch m\u00f6glich, was ist rechtlich zul\u00e4ssig?"},"content":{"rendered":"<p>Dass unsere Welt immer weiter vernetzt wird, ist nicht neu. Alle Welt redet von Smart Cities, vernetzten St\u00e4dten, vom autonomen Fahren der Automobile. Doch wem geh\u00f6ren eigentlich die Daten, die im Auto von Sensoren erfasst werden? Mit wem sollen und d\u00fcrfen sie sich austauschen und warum? Diesen und weiteren Fragestellungen widmet sich eine \u00f6ffentliche Veranstaltung des Fachbereichs Elektrotechnik und Informationstechnik der Hochschule Fulda und seines F\u00f6rderkreises FET. Wolfgang K\u00f6hler, Pressesprecher des Automobilclubs von Deutschland (AvD),\u00c2\u00a0 ein Fuldaer, wird \u00fcber Ergebnisse der europ\u00e4ischen Studie \u201eMein Auto \u2013 meine Daten\u201c referieren. Thilo Goeble ist Wirtschaftsrechter von der Uni Kassel und widmet sich in seinem Vortrag dem Datenschutz im vernetzten Auto. Der Fuldaer Ingenieur Heiko Herchet stellt eine Revolution in der automobilen Softwareentwicklung vor. Gemeint sind Apps im Auto,\u00c2\u00a0 an denen sein Unternehmen arbeitet. Sebastian Stegm\u00fcller vom Fraunhofer-Institut (IAO) in Stuttgart wird das Auto 4.0 als rollende Serviceschnittstelle vorstellen.<\/p>\n<p>FET-Vorsitzender, Bernhard Juchheim (JUMO, IHK), sowie die beiden Tagungsleiter, die Fuldaer Professoren Bolli Bj\u00f6rnsson und Viviane Wolff wollen mit dem 21. Fuldaer Elektrotechnik-Kolloquium Chancen, Potenziale und Risiken dieser Entwicklungen in unseren mobilen Welt vorstellen und mit Referenten und G\u00e4sten diskutieren. Das Kolloquium wird am 18. November um 13.30 Uhr vom Pr\u00e4sidenten der Hochschule Fulda, Professor Karim Khakzar, und dem Dekan des Fachbereichs, Professor Klaus Fricke-Neuderth, er\u00f6ffnet. Die Veranstaltung ist kostenfrei und \u00f6ffentlich f\u00fcr alle G\u00e4ste.<\/p>\n<p>Veranstaltungsort ist das Hochschul-Geb\u00e4ude 10 (das fr\u00fchere S-Geb.), Raum 001, in der Leipziger Str. 123 in Fulda. Der besseren Planung wegen ist eine Anmeldung unter folgendem Link erw\u00fcnscht:<br \/>\nwww.hs-fulda.de\/et\/fet<\/p>\n","protected":false},"excerpt":{"rendered":"<div class=\"tmnf_excerpt\"><p>Dass unsere Welt immer weiter vernetzt wird, ist nicht neu. Alle Welt redet von Smart Cities, vernetzten St\u00e4dten, vom autonomen Fahren der Automobile. Doch wem geh\u00f6ren eigentlich die Daten, die im Auto von Sensoren erfasst werden? Mit wem sollen und d\u00fcrfen sie sich austauschen und warum? Diesen und weiteren Fragestellungen widmet sich eine \u00f6ffentliche Veranstaltung &hellip;<\/p>\n<\/div>","protected":false},"author":1,"featured_media":156744,"comment_status":"closed","ping_status":"closed","sticky":false,"template":"","format":"standard","meta":{"footnotes":""},"categories":[1],"tags":[],"class_list":["post-156733","post","type-post","status-publish","format-standard","has-post-thumbnail","hentry","category-startseite"],"_links":{"self":[{"href":"https:\/\/www.fuldaernachrichten.de\/index.php?rest_route=\/wp\/v2\/posts\/156733","targetHints":{"allow":["GET"]}}],"collection":[{"href":"https:\/\/www.fuldaernachrichten.de\/index.php?rest_route=\/wp\/v2\/posts"}],"about":[{"href":"https:\/\/www.fuldaernachrichten.de\/index.php?rest_route=\/wp\/v2\/types\/post"}],"author":[{"embeddable":true,"href":"https:\/\/www.fuldaernachrichten.de\/index.php?rest_route=\/wp\/v2\/users\/1"}],"replies":[{"embeddable":true,"href":"https:\/\/www.fuldaernachrichten.de\/index.php?rest_route=%2Fwp%2Fv2%2Fcomments&post=156733"}],"version-history":[{"count":1,"href":"https:\/\/www.fuldaernachrichten.de\/index.php?rest_route=\/wp\/v2\/posts\/156733\/revisions"}],"predecessor-version":[{"id":156745,"href":"https:\/\/www.fuldaernachrichten.de\/index.php?rest_route=\/wp\/v2\/posts\/156733\/revisions\/156745"}],"wp:featuredmedia":[{"embeddable":true,"href":"https:\/\/www.fuldaernachrichten.de\/index.php?rest_route=\/wp\/v2\/media\/156744"}],"wp:attachment":[{"href":"https:\/\/www.fuldaernachrichten.de\/index.php?rest_route=%2Fwp%2Fv2%2Fmedia&parent=156733"}],"wp:term":[{"taxonomy":"category","embeddable":true,"href":"https:\/\/www.fuldaernachrichten.de\/index.php?rest_route=%2Fwp%2Fv2%2Fcategories&post=156733"},{"taxonomy":"post_tag","embeddable":true,"href":"https:\/\/www.fuldaernachrichten.de\/index.php?rest_route=%2Fwp%2Fv2%2Ftags&post=156733"}],"curies":[{"name":"wp","href":"https:\/\/api.w.org\/{rel}","templated":true}]}}