{"id":156706,"date":"2016-11-02T21:06:55","date_gmt":"2016-11-02T20:06:55","guid":{"rendered":"http:\/\/www.fuldaer-nachrichten.de\/?p=156706"},"modified":"2016-11-02T21:06:55","modified_gmt":"2016-11-02T20:06:55","slug":"wer-gewinnt-die-biomarkt-foerderpatenschaft-2017","status":"publish","type":"post","link":"https:\/\/www.fuldaernachrichten.de\/?p=156706","title":{"rendered":"Wer gewinnt die BioMarkt-F\u00f6rderpatenschaft 2017?"},"content":{"rendered":"<p>Im Wettbewerb um die BioMarkt-F\u00f6rderpatenschaft pr\u00e4sentierten sich am vergangenen Freitag (28. Oktober), f\u00fcnf Finalisten-Projekte dem Beirat der Zukunftsstiftung BioMarkt. Mit der Patenschaft werden ab 2017 erstmals Initiativen unterst\u00fctzt, die sich im Bereich Forschung, Bildung oder Praxis f\u00fcr den \u00d6kolandbau einsetzen. Diese k\u00f6nnen eine bis zu 2 Jahre laufende F\u00f6rderung in H\u00f6he von bis zu 2.000 \u00e2\u201a\u00ac im Monat gewinnen.<\/p>\n<p>Die nun in der Finalrunde stehenden Projekte sind so divers wie die Bewegung des \u00d6kolandbaus selbst. Vorgestellt haben sich die Lernstatt der W-E-G-Stiftung (Projekt: Konzeption eines Trainee-programms f\u00fcr umstellungsinteressierte LandwirtInnen), \u00d6ko-Z\u00fcchter des Dottenfelderhofes (Projekt: Entwicklung einer Mais-Populationssorte), das B\u00fcndnis der Freien Ausbildung f\u00fcr G\u00e4rtner- und LandwirtInnen (Projekt: Konzeption einer gemeinsamen Kommunikationsstrategie), der \u00d6komarkt e.V. (Projekt: Mehr Bio in Berufsschulen) und Mario Rei\u00dflandt (Projekt: eidentity \u2013 Aufbau der Haltung und Vermarktung von Zweinutzungsh\u00fchnern im Rahmen eines Hofprojektes).<\/p>\n<p>Die Entscheidung, welches Projekt mit der BioMarkt-F\u00f6rderpatenschaft unterst\u00fctzt und begleitet wird,\u00c2\u00a0 trifft ein Beirat, der sich aus ExpertInnen des \u00d6kolandbaus sowie VertreterInnen der Tr\u00e4ger der Zukunftsstiftung BioMarkt zusammensetzt. Beiratsmitglieder sind: Thomas Brandt (BioMarkt F\u00fcllhorn, Bruchsal), Lukas Nossol (dennree Gruppe),\u00c2\u00a0 Jan Plagge (Pr\u00e4sident des Bioland e.V.), Dr. Liliane Schmitt\u00c2\u00a0 (Beratungsb\u00fcro EcoConcept), J\u00fcrgen Tschentscher (BioMarkt Naturata, Magdeburg) und Johanna Zellfelder (dennree Gruppe).<\/p>\n<p>Die GewinnerInnen der BioMarkt F\u00f6rderpatenschaft 2017 werden auf der BioFach 2017 in N\u00fcrnberg bekannt gegeben und pr\u00e4miert.<\/p>\n<p>Weitere Informationen zur BioMarkt-F\u00f6rderpatenschaft und den Finalisten-Projekten finden Sie unter www.zukunftsstiftung-biomarkt.de.<\/p>\n","protected":false},"excerpt":{"rendered":"<div class=\"tmnf_excerpt\"><p>Im Wettbewerb um die BioMarkt-F\u00f6rderpatenschaft pr\u00e4sentierten sich am vergangenen Freitag (28. Oktober), f\u00fcnf Finalisten-Projekte dem Beirat der Zukunftsstiftung BioMarkt. Mit der Patenschaft werden ab 2017 erstmals Initiativen unterst\u00fctzt, die sich im Bereich Forschung, Bildung oder Praxis f\u00fcr den \u00d6kolandbau einsetzen. Diese k\u00f6nnen eine bis zu 2 Jahre laufende F\u00f6rderung in H\u00f6he von bis zu 2.000 &hellip;<\/p>\n<\/div>","protected":false},"author":1,"featured_media":156714,"comment_status":"closed","ping_status":"closed","sticky":false,"template":"","format":"standard","meta":{"footnotes":""},"categories":[1],"tags":[],"class_list":["post-156706","post","type-post","status-publish","format-standard","has-post-thumbnail","hentry","category-startseite"],"_links":{"self":[{"href":"https:\/\/www.fuldaernachrichten.de\/index.php?rest_route=\/wp\/v2\/posts\/156706","targetHints":{"allow":["GET"]}}],"collection":[{"href":"https:\/\/www.fuldaernachrichten.de\/index.php?rest_route=\/wp\/v2\/posts"}],"about":[{"href":"https:\/\/www.fuldaernachrichten.de\/index.php?rest_route=\/wp\/v2\/types\/post"}],"author":[{"embeddable":true,"href":"https:\/\/www.fuldaernachrichten.de\/index.php?rest_route=\/wp\/v2\/users\/1"}],"replies":[{"embeddable":true,"href":"https:\/\/www.fuldaernachrichten.de\/index.php?rest_route=%2Fwp%2Fv2%2Fcomments&post=156706"}],"version-history":[{"count":1,"href":"https:\/\/www.fuldaernachrichten.de\/index.php?rest_route=\/wp\/v2\/posts\/156706\/revisions"}],"predecessor-version":[{"id":156715,"href":"https:\/\/www.fuldaernachrichten.de\/index.php?rest_route=\/wp\/v2\/posts\/156706\/revisions\/156715"}],"wp:featuredmedia":[{"embeddable":true,"href":"https:\/\/www.fuldaernachrichten.de\/index.php?rest_route=\/wp\/v2\/media\/156714"}],"wp:attachment":[{"href":"https:\/\/www.fuldaernachrichten.de\/index.php?rest_route=%2Fwp%2Fv2%2Fmedia&parent=156706"}],"wp:term":[{"taxonomy":"category","embeddable":true,"href":"https:\/\/www.fuldaernachrichten.de\/index.php?rest_route=%2Fwp%2Fv2%2Fcategories&post=156706"},{"taxonomy":"post_tag","embeddable":true,"href":"https:\/\/www.fuldaernachrichten.de\/index.php?rest_route=%2Fwp%2Fv2%2Ftags&post=156706"}],"curies":[{"name":"wp","href":"https:\/\/api.w.org\/{rel}","templated":true}]}}