{"id":156705,"date":"2016-11-02T21:07:02","date_gmt":"2016-11-02T20:07:02","guid":{"rendered":"http:\/\/www.fuldaer-nachrichten.de\/?p=156705"},"modified":"2016-11-02T21:07:02","modified_gmt":"2016-11-02T20:07:02","slug":"buendnis-90die-gruenen-gratulieren-der-initiative-welcome-in-zu-ihrem-wohnzimmer","status":"publish","type":"post","link":"https:\/\/www.fuldaernachrichten.de\/?p=156705","title":{"rendered":"&#8220;B\u00fcndnis 90\/Die Gr\u00fcnen gratulieren der Initiative \u201eWelcome In&#8221; zu ihrem Wohnzimmer"},"content":{"rendered":"<p>Der Sprecher des Kreisverbandes von B\u00fcndnis 90\/Die Gr\u00fcnen Fulda und Gr\u00fcne Stadtverordnete, Ralf Zwengel, gratuliert der Initiative Welcome In zu dem Abschluss des Mietvertrages f\u00fcr ihr \u201eWohnzimmer\u201c. Dieses ist gedacht als Begegnungsraum mitten in Fulda, in dem Ehrenamtliche mit und ohne Fluchterfahrung sich treffen, in dem sich Jede und Jeder wohlf\u00fchlt, in dem man sich kennenlernen, miteinander reden, kulturelle Veranstaltungen organisieren und Spa\u00df haben kann.<\/p>\n<p>Im Oktober hatte die Gr\u00fcne Bundestagsabgeordnete Kordula Schulz-Asche, Fraktionssprecherin f\u00fcr Pr\u00e4vention und Gesundheitswirtschaft sowie Sprecherin f\u00fcr B\u00fcrgerschaftliches Engagement, sich bei einem Besuch in Fulda mit Projektkoordinator Jochen Schiersch und weiteren Mitgliedern der Initiative getroffen und sich \u00fcber die Idee des Wohnzimmers informiert. Die bunt gemischte Gruppe, in der sich auch viele Asylbewerber\/innen engagieren, pr\u00e4sentierte der Abgeordneten die bemerkenswerten Planungsfortschritte der letzten Monate. Schulz-Asche zeigte sich beeindruckt. \u201eIch freue mich wirklich, die Initiative heute kennengelernt zu haben,\u201c erkl\u00e4rte sie. \u201eIch halte das Wohnzimmer f\u00fcr ein sehr, sehr gutes Projekt und glaube, dass das Zusammenleben nur funktionieren kann, wenn man auch R\u00e4ume daf\u00fcr hat. Menschen m\u00fcssen sich kennenlernen und sich dabei wohlf\u00fchlen. Schon der Name \u00e2\u20ac\u0161Wohnzimmer\u00e2\u20ac\u02dc zeigt, dass der Ansatz richtig ist.\u201c Zugleich machte sie deutlich, dass die Gruppe weitere Unterst\u00fctzung erhalten sollte. \u201eAlle Verantwortlichen sind gefordert, dieses sehr gute Projekt zu unterst\u00fctzen.\u201c Nun, da ein Raum gefunden sei, m\u00fcsse vor allem die im M\u00e4rz 2017 auslaufenden Stelle des Projektkoordinators verl\u00e4ngert und m\u00f6glichst aufgestockt werden. Die Fuldaer Gr\u00fcnen engagieren sich seit einigen Monaten auch finanziell bei Welcom In. Ralf Zwengel sicherte der Initiative weiterhin die Unterst\u00fctzung des Kreisverbandes von B\u00fcndnis 90\/Die Gr\u00fcnen zu.&#8221;<\/p>\n","protected":false},"excerpt":{"rendered":"<div class=\"tmnf_excerpt\"><p>Der Sprecher des Kreisverbandes von B\u00fcndnis 90\/Die Gr\u00fcnen Fulda und Gr\u00fcne Stadtverordnete, Ralf Zwengel, gratuliert der Initiative Welcome In zu dem Abschluss des Mietvertrages f\u00fcr ihr \u201eWohnzimmer\u201c. Dieses ist gedacht als Begegnungsraum mitten in Fulda, in dem Ehrenamtliche mit und ohne Fluchterfahrung sich treffen, in dem sich Jede und Jeder wohlf\u00fchlt, in dem man sich &hellip;<\/p>\n<\/div>","protected":false},"author":1,"featured_media":156713,"comment_status":"closed","ping_status":"closed","sticky":false,"template":"","format":"standard","meta":{"footnotes":""},"categories":[1],"tags":[],"class_list":["post-156705","post","type-post","status-publish","format-standard","has-post-thumbnail","hentry","category-startseite"],"_links":{"self":[{"href":"https:\/\/www.fuldaernachrichten.de\/index.php?rest_route=\/wp\/v2\/posts\/156705","targetHints":{"allow":["GET"]}}],"collection":[{"href":"https:\/\/www.fuldaernachrichten.de\/index.php?rest_route=\/wp\/v2\/posts"}],"about":[{"href":"https:\/\/www.fuldaernachrichten.de\/index.php?rest_route=\/wp\/v2\/types\/post"}],"author":[{"embeddable":true,"href":"https:\/\/www.fuldaernachrichten.de\/index.php?rest_route=\/wp\/v2\/users\/1"}],"replies":[{"embeddable":true,"href":"https:\/\/www.fuldaernachrichten.de\/index.php?rest_route=%2Fwp%2Fv2%2Fcomments&post=156705"}],"version-history":[{"count":1,"href":"https:\/\/www.fuldaernachrichten.de\/index.php?rest_route=\/wp\/v2\/posts\/156705\/revisions"}],"predecessor-version":[{"id":156717,"href":"https:\/\/www.fuldaernachrichten.de\/index.php?rest_route=\/wp\/v2\/posts\/156705\/revisions\/156717"}],"wp:featuredmedia":[{"embeddable":true,"href":"https:\/\/www.fuldaernachrichten.de\/index.php?rest_route=\/wp\/v2\/media\/156713"}],"wp:attachment":[{"href":"https:\/\/www.fuldaernachrichten.de\/index.php?rest_route=%2Fwp%2Fv2%2Fmedia&parent=156705"}],"wp:term":[{"taxonomy":"category","embeddable":true,"href":"https:\/\/www.fuldaernachrichten.de\/index.php?rest_route=%2Fwp%2Fv2%2Fcategories&post=156705"},{"taxonomy":"post_tag","embeddable":true,"href":"https:\/\/www.fuldaernachrichten.de\/index.php?rest_route=%2Fwp%2Fv2%2Ftags&post=156705"}],"curies":[{"name":"wp","href":"https:\/\/api.w.org\/{rel}","templated":true}]}}