{"id":156685,"date":"2016-11-01T14:39:07","date_gmt":"2016-11-01T13:39:07","guid":{"rendered":"http:\/\/www.fuldaer-nachrichten.de\/?p=156685"},"modified":"2016-11-01T14:39:07","modified_gmt":"2016-11-01T13:39:07","slug":"sonntagsmatinee-im-klinikum-fulda-jazz-musik-zum-leckeren-fruehstueck","status":"publish","type":"post","link":"https:\/\/www.fuldaernachrichten.de\/?p=156685","title":{"rendered":"Sonntagsmatinee im Klinikum Fulda:  Jazz-Musik zum leckeren Fr\u00fchst\u00fcck"},"content":{"rendered":"<p>Sonntagsfr\u00fchst\u00fcck im Klinikum Fulda: die Jazz-Musiker Georg Wagner und Klaus Schenk der St\u00e4dtischen Musikschule Fulda pr\u00e4sentieren am 06. November 2016 von 10.00 bis 12.00 Uhr Lounge-Musik und verleihen damit der Eingangshalle des Klinikums\u00c2\u00a0 ihre ganz eigene Atmosph\u00e4re.<\/p>\n<p>George Wagner und Klaus Schenk sind zwei Musiker, die seit Jahren mit musikalischem Sachverstand und p\u00e4dagogischem Geschick die musikalische Ausbildung an der St\u00e4dtischen Musikschule Fulda bereichern. Als aus\u00fcbende K\u00fcnstler haben sie sich zum Duo Wagner\/Schenk zusammengetan und damit ein wahres Kleinod der Fuldaer Musikszene geschaffen. Allein durch die \u00e4u\u00dferst selten zu h\u00f6rende Besetzung mit sanft groovender Gitarre und den warmen Glockent\u00f6nen des Vibraphons ist das Duo schon h\u00f6renswert. Dazu kommt die reiche Erfahrung, die beide Musiker in Bands unterschiedlichster Couleur gesammelt haben. Bekannte Namen von \u201eLilienfeld\u201c bis \u201eBlues Power\u201c finden sich in der Vita der beiden K\u00fcnstler. Am kommenden Sonntag allerdings werden sie sich eher dem \u201eAmerican Songbook\u201c, also Evergreens und Standards aus der Feder von Duke Ellington, Henry Mancini, Antonio Carlos Jobim und vielen anderen widmen und das Foyer des Klinikums vor der B\u00e4ckerei Happ in eine gediegene Lounge verwandeln.<\/p>\n","protected":false},"excerpt":{"rendered":"<div class=\"tmnf_excerpt\"><p>Sonntagsfr\u00fchst\u00fcck im Klinikum Fulda: die Jazz-Musiker Georg Wagner und Klaus Schenk der St\u00e4dtischen Musikschule Fulda pr\u00e4sentieren am 06. November 2016 von 10.00 bis 12.00 Uhr Lounge-Musik und verleihen damit der Eingangshalle des Klinikums\u00c2\u00a0 ihre ganz eigene Atmosph\u00e4re. George Wagner und Klaus Schenk sind zwei Musiker, die seit Jahren mit musikalischem Sachverstand und p\u00e4dagogischem Geschick die &hellip;<\/p>\n<\/div>","protected":false},"author":1,"featured_media":156699,"comment_status":"closed","ping_status":"closed","sticky":false,"template":"","format":"standard","meta":{"footnotes":""},"categories":[1],"tags":[],"class_list":["post-156685","post","type-post","status-publish","format-standard","has-post-thumbnail","hentry","category-startseite"],"_links":{"self":[{"href":"https:\/\/www.fuldaernachrichten.de\/index.php?rest_route=\/wp\/v2\/posts\/156685","targetHints":{"allow":["GET"]}}],"collection":[{"href":"https:\/\/www.fuldaernachrichten.de\/index.php?rest_route=\/wp\/v2\/posts"}],"about":[{"href":"https:\/\/www.fuldaernachrichten.de\/index.php?rest_route=\/wp\/v2\/types\/post"}],"author":[{"embeddable":true,"href":"https:\/\/www.fuldaernachrichten.de\/index.php?rest_route=\/wp\/v2\/users\/1"}],"replies":[{"embeddable":true,"href":"https:\/\/www.fuldaernachrichten.de\/index.php?rest_route=%2Fwp%2Fv2%2Fcomments&post=156685"}],"version-history":[{"count":1,"href":"https:\/\/www.fuldaernachrichten.de\/index.php?rest_route=\/wp\/v2\/posts\/156685\/revisions"}],"predecessor-version":[{"id":156700,"href":"https:\/\/www.fuldaernachrichten.de\/index.php?rest_route=\/wp\/v2\/posts\/156685\/revisions\/156700"}],"wp:featuredmedia":[{"embeddable":true,"href":"https:\/\/www.fuldaernachrichten.de\/index.php?rest_route=\/wp\/v2\/media\/156699"}],"wp:attachment":[{"href":"https:\/\/www.fuldaernachrichten.de\/index.php?rest_route=%2Fwp%2Fv2%2Fmedia&parent=156685"}],"wp:term":[{"taxonomy":"category","embeddable":true,"href":"https:\/\/www.fuldaernachrichten.de\/index.php?rest_route=%2Fwp%2Fv2%2Fcategories&post=156685"},{"taxonomy":"post_tag","embeddable":true,"href":"https:\/\/www.fuldaernachrichten.de\/index.php?rest_route=%2Fwp%2Fv2%2Ftags&post=156685"}],"curies":[{"name":"wp","href":"https:\/\/api.w.org\/{rel}","templated":true}]}}