{"id":156653,"date":"2016-11-01T14:32:11","date_gmt":"2016-11-01T13:32:11","guid":{"rendered":"http:\/\/www.fuldaer-nachrichten.de\/?p=156653"},"modified":"2016-11-01T14:41:44","modified_gmt":"2016-11-01T13:41:44","slug":"das-ueberregional-bekannte-fuldaer-vokalensemble-intermezzo-und-der-journalist-uwe-bernd-herchen-gestalten-ein-beruehrendes-konzertprogramm-unter-dem-titel-seht-ihr-den-mond-dort-stehen","status":"publish","type":"post","link":"https:\/\/www.fuldaernachrichten.de\/?p=156653","title":{"rendered":"Ausstellungser\u00f6ffnung Rh\u00f6nmotive im Hospiz St. Elisabeth"},"content":{"rendered":"<p><a href=\"http:\/\/www.fuldaer-nachrichten.de\/wp-content\/uploads\/2016\/11\/001-Hospiz-Storch-Ausstellung-241016-wim.jpg\"><img fetchpriority=\"high\" decoding=\"async\" class=\"alignleft size-thumbnail wp-image-156660\" src=\"http:\/\/www.fuldaer-nachrichten.de\/wp-content\/uploads\/2016\/11\/001-Hospiz-Storch-Ausstellung-241016-wim-265x336.jpg\" alt=\"001-hospiz-storch-ausstellung-241016-wim\" width=\"265\" height=\"336\" srcset=\"https:\/\/www.fuldaernachrichten.de\/wp-content\/uploads\/2016\/11\/001-Hospiz-Storch-Ausstellung-241016-wim-265x336.jpg 265w, https:\/\/www.fuldaernachrichten.de\/wp-content\/uploads\/2016\/11\/001-Hospiz-Storch-Ausstellung-241016-wim-209x265.jpg 209w, https:\/\/www.fuldaernachrichten.de\/wp-content\/uploads\/2016\/11\/001-Hospiz-Storch-Ausstellung-241016-wim-768x973.jpg 768w, https:\/\/www.fuldaernachrichten.de\/wp-content\/uploads\/2016\/11\/001-Hospiz-Storch-Ausstellung-241016-wim-474x600.jpg 474w, https:\/\/www.fuldaernachrichten.de\/wp-content\/uploads\/2016\/11\/001-Hospiz-Storch-Ausstellung-241016-wim.jpg 900w\" sizes=\"(max-width: 265px) 100vw, 265px\" \/><\/a>Die Rh\u00f6n in ihren vielen Farben und Facetten ist in der neu er\u00f6ffnete Bilderausstellung im station\u00e4ren Hospiz Sankt Elisabeth zu Fulda zu entdecken. Die K\u00fcnstlerin Hiltrud Storch, naturverbundene, bodenst\u00e4ndige Hobby \u2013 Malerin aus Dietershausen, zeigt bis Ende April 2017 eine Auswahl ihres langj\u00e4hrigen Schaffens. Begonnen hatte sie, die auch regelm\u00e4\u00dfig bei der Kleinsassener Kunstwoche anzutreffen ist, im Alter von 25 Jahren mit \u00d6lmalerei. Sie besitze ein ererbtes Talent, denn bereits ihr Vater malte gerne und Hiltrud Storch habe in der Schule einen Zeichenwettbewerb gewonnen, so Silvia Hillebrand, die die Vita der K\u00fcnstlerin schilderte. In sp\u00e4teren Jahren habe sie sich der Bauernmalerei gewidmet und sich an Acryl und Aquarell gewagt. Letzteres habe sie mit einem Kurs verfeinert. Doch \u00d6lmalerei sei ihr Leidenschaft geblieben. Malen sei f\u00fcr Hiltrud Storch wohl auch ein Lob an Gottes Sch\u00f6pfung und ihr Verh\u00e4ltnis zur Natur. Davon zeuge auch ein Spruch, den sie im Hausflur der K\u00fcnstlerin entdeckt habe:<br \/>\n\u201eKein Maler verf\u00fcgt \u00fcber so viel Farbnuancen, kein Maler der bildenden Kunst schaffe so viel Eleganz, kein Architekt so viel grazielle Sch\u00f6nheit wie die millionenfach sch\u00f6pferische Natur. Wer sich vor ihrem Werk verneigt, verneigt sich vor dem Sch\u00f6pfer.\u201c<\/p>\n<p>\u201eMan sieht, was ich male\u201c, sagt Hiltrud Storch und das macht wohl den Charme ihrer Bilder aus. Lieblingsmotive seien Landschaften, Tiere, wie das Birkhuhn und Blumen. Nicht Skizzenblock, sondern Fotoapparat ist Ausganspunkt f\u00fcr ihre Bilder, bei denen sie sich auch durch den Pinsel leiten l\u00e4sst. Die Bilder strahlen den Betrachter durch ihre farbenfrohen Malereien an und es gibt durch detailgetreue Ausf\u00fchrung viel zu entdecken.<\/p>\n<p>Hospizleiterin Dagmar Pfeffermann und Gesch\u00e4ftsf\u00fchrer Ansgar Erb dankten Hiltrud Storch f\u00fcr die gelungene Ausstellung. Hospizg\u00e4ste h\u00e4tten sich schon sehr erfreut ge\u00e4u\u00dfert, weil sie viele ihnen bekannte Berge, Pflanzen und Tiere der Rh\u00f6n wiedererkennen w\u00fcrden. Auch wenn es viele traurige Momente im Hospiz gebe, so w\u00fcrde doch durch Ausstellungen die letzte Lebensphase der G\u00e4ste bereichert.<br \/>\nDie Ausstellung kann bis Ende April 2017 t\u00e4glich im Hospiz St. Elisabeth, Gerloser Weg 23a, Fulda (Eingang Buttlarstra\u00dfe) von jedermann besichtigt werden. Die Bilder sind auch k\u00e4uflich zu erwerben.<\/p>\n","protected":false},"excerpt":{"rendered":"<div class=\"tmnf_excerpt\"><p>Die Rh\u00f6n in ihren vielen Farben und Facetten ist in der neu er\u00f6ffnete Bilderausstellung im station\u00e4ren Hospiz Sankt Elisabeth zu Fulda zu entdecken. Die K\u00fcnstlerin Hiltrud Storch, naturverbundene, bodenst\u00e4ndige Hobby \u2013 Malerin aus Dietershausen, zeigt bis Ende April 2017 eine Auswahl ihres langj\u00e4hrigen Schaffens. Begonnen hatte sie, die auch regelm\u00e4\u00dfig bei der Kleinsassener Kunstwoche anzutreffen &hellip;<\/p>\n<\/div>","protected":false},"author":1,"featured_media":156659,"comment_status":"closed","ping_status":"closed","sticky":false,"template":"","format":"standard","meta":{"footnotes":""},"categories":[1],"tags":[],"class_list":["post-156653","post","type-post","status-publish","format-standard","has-post-thumbnail","hentry","category-startseite"],"_links":{"self":[{"href":"https:\/\/www.fuldaernachrichten.de\/index.php?rest_route=\/wp\/v2\/posts\/156653","targetHints":{"allow":["GET"]}}],"collection":[{"href":"https:\/\/www.fuldaernachrichten.de\/index.php?rest_route=\/wp\/v2\/posts"}],"about":[{"href":"https:\/\/www.fuldaernachrichten.de\/index.php?rest_route=\/wp\/v2\/types\/post"}],"author":[{"embeddable":true,"href":"https:\/\/www.fuldaernachrichten.de\/index.php?rest_route=\/wp\/v2\/users\/1"}],"replies":[{"embeddable":true,"href":"https:\/\/www.fuldaernachrichten.de\/index.php?rest_route=%2Fwp%2Fv2%2Fcomments&post=156653"}],"version-history":[{"count":4,"href":"https:\/\/www.fuldaernachrichten.de\/index.php?rest_route=\/wp\/v2\/posts\/156653\/revisions"}],"predecessor-version":[{"id":156703,"href":"https:\/\/www.fuldaernachrichten.de\/index.php?rest_route=\/wp\/v2\/posts\/156653\/revisions\/156703"}],"wp:featuredmedia":[{"embeddable":true,"href":"https:\/\/www.fuldaernachrichten.de\/index.php?rest_route=\/wp\/v2\/media\/156659"}],"wp:attachment":[{"href":"https:\/\/www.fuldaernachrichten.de\/index.php?rest_route=%2Fwp%2Fv2%2Fmedia&parent=156653"}],"wp:term":[{"taxonomy":"category","embeddable":true,"href":"https:\/\/www.fuldaernachrichten.de\/index.php?rest_route=%2Fwp%2Fv2%2Fcategories&post=156653"},{"taxonomy":"post_tag","embeddable":true,"href":"https:\/\/www.fuldaernachrichten.de\/index.php?rest_route=%2Fwp%2Fv2%2Ftags&post=156653"}],"curies":[{"name":"wp","href":"https:\/\/api.w.org\/{rel}","templated":true}]}}