{"id":156643,"date":"2016-11-01T14:30:30","date_gmt":"2016-11-01T13:30:30","guid":{"rendered":"http:\/\/www.fuldaer-nachrichten.de\/?p=156643"},"modified":"2016-11-01T14:30:30","modified_gmt":"2016-11-01T13:30:30","slug":"grundqualifikation-in-der-fluechtlingshilfe","status":"publish","type":"post","link":"https:\/\/www.fuldaernachrichten.de\/?p=156643","title":{"rendered":"Grundqualifikation in der Fl\u00fcchtlingshilfe"},"content":{"rendered":"<p>Der Treffpunkt Aktiv des Landkreises Fulda bietet in verschiedenen St\u00e4dten und Gemeinden eine Grundqualifikation f\u00fcr Ehrenamtliche an, die sich in der Asyl- und Fl\u00fcchtlingshilfe engagieren oder engagieren wollen. Ein weiterer Kurs beginnt am Dienstag, 8. November, um 18 Uhr im katholischen Pfarrhaus in Hosenfeld, Kirchberg 8. Infos und Anmeldung unter Telefon (0661)6006-485 oder Email treffpunkt-aktiv@landkreis-fulda.de.<\/p>\n","protected":false},"excerpt":{"rendered":"<div class=\"tmnf_excerpt\"><p>Der Treffpunkt Aktiv des Landkreises Fulda bietet in verschiedenen St\u00e4dten und Gemeinden eine Grundqualifikation f\u00fcr Ehrenamtliche an, die sich in der Asyl- und Fl\u00fcchtlingshilfe engagieren oder engagieren wollen. Ein weiterer Kurs beginnt am Dienstag, 8. November, um 18 Uhr im katholischen Pfarrhaus in Hosenfeld, Kirchberg 8. Infos und Anmeldung unter Telefon (0661)6006-485 oder Email treffpunkt-aktiv@landkreis-fulda.de.<\/p>\n<\/div>","protected":false},"author":1,"featured_media":0,"comment_status":"closed","ping_status":"closed","sticky":false,"template":"","format":"standard","meta":{"footnotes":""},"categories":[1],"tags":[],"class_list":["post-156643","post","type-post","status-publish","format-standard","hentry","category-startseite"],"_links":{"self":[{"href":"https:\/\/www.fuldaernachrichten.de\/index.php?rest_route=\/wp\/v2\/posts\/156643","targetHints":{"allow":["GET"]}}],"collection":[{"href":"https:\/\/www.fuldaernachrichten.de\/index.php?rest_route=\/wp\/v2\/posts"}],"about":[{"href":"https:\/\/www.fuldaernachrichten.de\/index.php?rest_route=\/wp\/v2\/types\/post"}],"author":[{"embeddable":true,"href":"https:\/\/www.fuldaernachrichten.de\/index.php?rest_route=\/wp\/v2\/users\/1"}],"replies":[{"embeddable":true,"href":"https:\/\/www.fuldaernachrichten.de\/index.php?rest_route=%2Fwp%2Fv2%2Fcomments&post=156643"}],"version-history":[{"count":1,"href":"https:\/\/www.fuldaernachrichten.de\/index.php?rest_route=\/wp\/v2\/posts\/156643\/revisions"}],"predecessor-version":[{"id":156652,"href":"https:\/\/www.fuldaernachrichten.de\/index.php?rest_route=\/wp\/v2\/posts\/156643\/revisions\/156652"}],"wp:attachment":[{"href":"https:\/\/www.fuldaernachrichten.de\/index.php?rest_route=%2Fwp%2Fv2%2Fmedia&parent=156643"}],"wp:term":[{"taxonomy":"category","embeddable":true,"href":"https:\/\/www.fuldaernachrichten.de\/index.php?rest_route=%2Fwp%2Fv2%2Fcategories&post=156643"},{"taxonomy":"post_tag","embeddable":true,"href":"https:\/\/www.fuldaernachrichten.de\/index.php?rest_route=%2Fwp%2Fv2%2Ftags&post=156643"}],"curies":[{"name":"wp","href":"https:\/\/api.w.org\/{rel}","templated":true}]}}