{"id":156636,"date":"2016-11-01T14:27:34","date_gmt":"2016-11-01T13:27:34","guid":{"rendered":"http:\/\/www.fuldaer-nachrichten.de\/?p=156636"},"modified":"2016-11-01T14:27:34","modified_gmt":"2016-11-01T13:27:34","slug":"caritas-sozialstation-geisa-vacha-seit-25-jahren-im-dienst-am-naechsten","status":"publish","type":"post","link":"https:\/\/www.fuldaernachrichten.de\/?p=156636","title":{"rendered":"Caritas \u2013 Sozialstation Geisa \u2013 Vacha seit 25 Jahren im Dienst am N\u00e4chsten"},"content":{"rendered":"<p><a href=\"http:\/\/www.fuldaer-nachrichten.de\/wp-content\/uploads\/2016\/11\/002-25.Jubil\u00e4um-rote-Jacken.jpg\"><img decoding=\"async\" class=\"alignleft size-thumbnail wp-image-156641\" src=\"http:\/\/www.fuldaer-nachrichten.de\/wp-content\/uploads\/2016\/11\/002-25.Jubil\u00e4um-rote-Jacken-265x177.jpg\" alt=\"002-25-jubilaeum-rote-jacken\" width=\"265\" height=\"177\" \/><\/a>Auf 25 Jahre erfolgreiche Arbeit in der Hilfe f\u00fcr kranke und pflegebed\u00fcrftige Menschen kann die Caritas \u2013 Sozialstation Geisa \u2013 Vacha mit Hauptsitz im Athanasius \u2013 Kircher \u2013 Haus Geisa und ihrer Au\u00dfenstelle in Vacha zur\u00fcckschauen. In der Festansprache w\u00fcrdigte Pfarrer Dr. Dagobert Vonderau, Vorsitzender des Caritasverbandes f\u00fcr die Regionen Fulda und Geisa die Arbeit der Mitarbeiterinnen mit ihrer Pflegedienstleiterin Gerlinde Hohmann, Bremen\/ Rh\u00f6n.<\/p>\n<p>Sie w\u00fcrden einen unverzichtbaren und schweren Dienst leisten, bei dem der kranke, alte, behinderte oder hilfsbed\u00fcrftige Mensch im Zentrum der christlich gepr\u00e4gten Arbeit stehe. Pers\u00f6nliche W\u00fcnsche w\u00fcrden ber\u00fccksichtigt und die soziale Einbindung erhalten. Dadurch sei es f\u00fcr viele Menschen m\u00f6glich zu Hause gepflegt zu werden und in ihrem pers\u00f6nlichen Umfeld zu verbleiben.<\/p>\n<p>Mit einem R\u00fcckblick berichtete Verbands &#8211; Gesch\u00e4ftsf\u00fchrer Christian Reuter \u00fcber die Entstehungsgeschichte und erinnerte an die Herausforderungen des Gr\u00fcndungsjahres 1991. In der Gr\u00fcnderzeit habe das Bistum Erfurt eine herausragende Unterst\u00fctzung geleistet, bevor die Region Geisa \u2013 Vacha der Di\u00f6zese Fulda eingegliedert worden sei. Ohne das gro\u00dfe Engagement der damaligen Verantwortlichen sei die jetzige Jubil\u00e4umsveranstaltung nicht m\u00f6glich, sagte Christian Reuter. Was vor 25 Jahren mit viel Enthusiasmus mit f\u00fcnf Pflegefachkr\u00e4ften begonnen habe, habe sich inzwischen mit 18 Mitarbeiterinnen zu einem unverzichtbaren Teil der sozialen Infrastruktur \u00fcber die Region Geisa-Vacha hinaus positiv weiterentwickelt. Er dankte besonders den ehemaligen Gesch\u00e4ftsf\u00fchrern Klaus Tiller, Geisa und Winfried M\u00f6ller, Fulda, beide im Ruhestand, die leider verhindert waren an der Jubil\u00e4umsfeier teilzunehmen sowie dem ehemaligen Dechanten des Dekanats Geisa und Vorsitzender des Geisaer Caritasverbandes, Pfarrer i.R. Hubert Br\u00e4hler.<br \/>\nDie Mitarbeiterinnen erhielten aus der Hand des Vorsitzenden und des Gesch\u00e4ftsf\u00fchrers neue rote Dienstjacken mit Logo und Aufschrift der Caritas-Sozialstation. Damit w\u00fcrden sie demn\u00e4chst als \u201erote Engel\u201c mit ihren ebenso roten Fahrzeugen zu ihren Patienten in Geisa, Vacha und Umgebung unterwegs sein.<br \/>\nF\u00fcr 25 Jahre Dienst am N\u00e4chsten wurden Pflegedienstleiterin Gerlinde Hohmann, Altenpflegerin Ursula Mehlmann und Verwaltungsfachkraft Annette Trott mit Urkunde und Ehrennadel in Gold des Deutschen Caritasverbandes ausgezeichnet.<\/p>\n<p>Als Ehreng\u00e4sten waren der Di\u00f6zesan-Caritasdirektor aus Erfurt, Domkapitular Bruno Heller, und der ehemalige Di\u00f6zesan-Caritasdirektor des Bistums Fulda, Gerhard S\u00fcndermann gekommen. Beide betonten in Ihren Gru\u00dfworten ihre pers\u00f6nlichen Verbindungen zur Region und zur Caritas-Sozialstation. In Vertretung f\u00fcr B\u00fcrgermeister Martin Henkel \u00fcberbrachte der erste Beigeordnete Gerhard M\u00f6ller die Gl\u00fcckw\u00fcnsche der Stadt Geisa. Pflegedienstleiterin Gerlinde Hohmann, liebevoll \u201eMutter der Kompanie\u201c genannt, \u00fcberreichte allen Mitarbeiterinnen Blumen als Dankesch\u00f6n f\u00fcr ihre aufopferungsvolle Arbeit.<\/p>\n<p>Mit einer Dankandacht in der Stadtpfarrkirche \u201eSt. Philippus und Jakobus\u201c der der Vorsitzende des Caritasverbandes f\u00fcr die Region Fulda Geisa e.V., Pfarrer Dr. Dagobert Vonderau und der Geisaer Stadtpfarrer Martin Lerg vorstanden, begannen die Feierlichkeiten. F\u00fcr die musikalische Umrahmung sorgte Ulrich G\u00f6b an der Orgel, begleitet vom Gesang seiner Tochter Rebecca.<\/p>\n<p>In gem\u00fctlicher Runde bei Kaffee, Kuchen und guten Gespr\u00e4chen klang die Festveranstaltung zum Jubil\u00e4um aus.<\/p>\n","protected":false},"excerpt":{"rendered":"<div class=\"tmnf_excerpt\"><p>Auf 25 Jahre erfolgreiche Arbeit in der Hilfe f\u00fcr kranke und pflegebed\u00fcrftige Menschen kann die Caritas \u2013 Sozialstation Geisa \u2013 Vacha mit Hauptsitz im Athanasius \u2013 Kircher \u2013 Haus Geisa und ihrer Au\u00dfenstelle in Vacha zur\u00fcckschauen. In der Festansprache w\u00fcrdigte Pfarrer Dr. Dagobert Vonderau, Vorsitzender des Caritasverbandes f\u00fcr die Regionen Fulda und Geisa die Arbeit &hellip;<\/p>\n<\/div>","protected":false},"author":1,"featured_media":156640,"comment_status":"closed","ping_status":"closed","sticky":false,"template":"","format":"standard","meta":{"footnotes":""},"categories":[1],"tags":[],"class_list":["post-156636","post","type-post","status-publish","format-standard","has-post-thumbnail","hentry","category-startseite"],"_links":{"self":[{"href":"https:\/\/www.fuldaernachrichten.de\/index.php?rest_route=\/wp\/v2\/posts\/156636","targetHints":{"allow":["GET"]}}],"collection":[{"href":"https:\/\/www.fuldaernachrichten.de\/index.php?rest_route=\/wp\/v2\/posts"}],"about":[{"href":"https:\/\/www.fuldaernachrichten.de\/index.php?rest_route=\/wp\/v2\/types\/post"}],"author":[{"embeddable":true,"href":"https:\/\/www.fuldaernachrichten.de\/index.php?rest_route=\/wp\/v2\/users\/1"}],"replies":[{"embeddable":true,"href":"https:\/\/www.fuldaernachrichten.de\/index.php?rest_route=%2Fwp%2Fv2%2Fcomments&post=156636"}],"version-history":[{"count":1,"href":"https:\/\/www.fuldaernachrichten.de\/index.php?rest_route=\/wp\/v2\/posts\/156636\/revisions"}],"predecessor-version":[{"id":156642,"href":"https:\/\/www.fuldaernachrichten.de\/index.php?rest_route=\/wp\/v2\/posts\/156636\/revisions\/156642"}],"wp:featuredmedia":[{"embeddable":true,"href":"https:\/\/www.fuldaernachrichten.de\/index.php?rest_route=\/wp\/v2\/media\/156640"}],"wp:attachment":[{"href":"https:\/\/www.fuldaernachrichten.de\/index.php?rest_route=%2Fwp%2Fv2%2Fmedia&parent=156636"}],"wp:term":[{"taxonomy":"category","embeddable":true,"href":"https:\/\/www.fuldaernachrichten.de\/index.php?rest_route=%2Fwp%2Fv2%2Fcategories&post=156636"},{"taxonomy":"post_tag","embeddable":true,"href":"https:\/\/www.fuldaernachrichten.de\/index.php?rest_route=%2Fwp%2Fv2%2Ftags&post=156636"}],"curies":[{"name":"wp","href":"https:\/\/api.w.org\/{rel}","templated":true}]}}