{"id":156631,"date":"2016-11-01T14:25:22","date_gmt":"2016-11-01T13:25:22","guid":{"rendered":"http:\/\/www.fuldaer-nachrichten.de\/?p=156631"},"modified":"2016-11-01T14:25:22","modified_gmt":"2016-11-01T13:25:22","slug":"michael-friedrich-zum-sprecher-der-hessischen-vhs-leiter-gewaehlt","status":"publish","type":"post","link":"https:\/\/www.fuldaernachrichten.de\/?p=156631","title":{"rendered":"Michael Friedrich zum Sprecher der hessischen VHS-Leiter gew\u00e4hlt"},"content":{"rendered":"<p>Der Leiter der VHS des Landkreises Fulda, Michael Friedrich, wurde bei der Jahrestagung in der Heimvolkshochschule F\u00fcrsteneck zum Sprecher der Leiter der hessischen Volkshochschulen gew\u00e4hlt. Mit der Wahl ist auch ein Sitz im Vorstand des Hessischen Volkshochschulverbandes verbunden.<\/p>\n<p>Die F\u00f6rderung der Weiterbildung durch VHS-Angebote ist Friedrich ein besonderes Anliegen. Dabei sieht es den k\u00fcrzlich verabschiedeten Weiterbildungspakt des Landes als einen \u201eSchritt in die richtige Richtung, der eine Trendwende markiert\u201c. So rechne der Landkreis Fulda mit zus\u00e4tzlichen Zuwendungen in H\u00f6he von rund 24.000 Euro j\u00e4hrlich, was zirka einem Prozent der gesamten VHS-Aufwendungen entspreche. \u00dcber die Erh\u00f6hung der Regelf\u00f6rderung hinaus k\u00f6nne sich die VHS mit speziellen Projekten um weitere Gelder bewerben.<\/p>\n<p>Bild von links: Baldur Schmitt, Ehrenvorsitzender des Hessischen Volkshochschulverbandes, Michael Friedrich, Annegret Kamp-Karrenbauer, Pr\u00e4sidentin des Deutschen Volkshochschulverbandes und Ministerpr\u00e4sidentin des Saarlandes, Christoph K\u00f6ck, Verbandsdirektor des Hessischen Volkhochschulverbandes<\/p>\n","protected":false},"excerpt":{"rendered":"<div class=\"tmnf_excerpt\"><p>Der Leiter der VHS des Landkreises Fulda, Michael Friedrich, wurde bei der Jahrestagung in der Heimvolkshochschule F\u00fcrsteneck zum Sprecher der Leiter der hessischen Volkshochschulen gew\u00e4hlt. Mit der Wahl ist auch ein Sitz im Vorstand des Hessischen Volkshochschulverbandes verbunden. Die F\u00f6rderung der Weiterbildung durch VHS-Angebote ist Friedrich ein besonderes Anliegen. Dabei sieht es den k\u00fcrzlich verabschiedeten &hellip;<\/p>\n<\/div>","protected":false},"author":1,"featured_media":156634,"comment_status":"closed","ping_status":"closed","sticky":false,"template":"","format":"standard","meta":{"footnotes":""},"categories":[1],"tags":[],"class_list":["post-156631","post","type-post","status-publish","format-standard","has-post-thumbnail","hentry","category-startseite"],"_links":{"self":[{"href":"https:\/\/www.fuldaernachrichten.de\/index.php?rest_route=\/wp\/v2\/posts\/156631","targetHints":{"allow":["GET"]}}],"collection":[{"href":"https:\/\/www.fuldaernachrichten.de\/index.php?rest_route=\/wp\/v2\/posts"}],"about":[{"href":"https:\/\/www.fuldaernachrichten.de\/index.php?rest_route=\/wp\/v2\/types\/post"}],"author":[{"embeddable":true,"href":"https:\/\/www.fuldaernachrichten.de\/index.php?rest_route=\/wp\/v2\/users\/1"}],"replies":[{"embeddable":true,"href":"https:\/\/www.fuldaernachrichten.de\/index.php?rest_route=%2Fwp%2Fv2%2Fcomments&post=156631"}],"version-history":[{"count":1,"href":"https:\/\/www.fuldaernachrichten.de\/index.php?rest_route=\/wp\/v2\/posts\/156631\/revisions"}],"predecessor-version":[{"id":156635,"href":"https:\/\/www.fuldaernachrichten.de\/index.php?rest_route=\/wp\/v2\/posts\/156631\/revisions\/156635"}],"wp:featuredmedia":[{"embeddable":true,"href":"https:\/\/www.fuldaernachrichten.de\/index.php?rest_route=\/wp\/v2\/media\/156634"}],"wp:attachment":[{"href":"https:\/\/www.fuldaernachrichten.de\/index.php?rest_route=%2Fwp%2Fv2%2Fmedia&parent=156631"}],"wp:term":[{"taxonomy":"category","embeddable":true,"href":"https:\/\/www.fuldaernachrichten.de\/index.php?rest_route=%2Fwp%2Fv2%2Fcategories&post=156631"},{"taxonomy":"post_tag","embeddable":true,"href":"https:\/\/www.fuldaernachrichten.de\/index.php?rest_route=%2Fwp%2Fv2%2Ftags&post=156631"}],"curies":[{"name":"wp","href":"https:\/\/api.w.org\/{rel}","templated":true}]}}