{"id":156626,"date":"2016-11-01T14:24:34","date_gmt":"2016-11-01T13:24:34","guid":{"rendered":"http:\/\/www.fuldaer-nachrichten.de\/?p=156626"},"modified":"2016-11-01T14:24:34","modified_gmt":"2016-11-01T13:24:34","slug":"neuer-band-der-buedinger-geschichtsblaetter-erschienen","status":"publish","type":"post","link":"https:\/\/www.fuldaernachrichten.de\/?p=156626","title":{"rendered":"Neuer Band der B\u00fcdinger Geschichtsbl\u00e4tter erschienen"},"content":{"rendered":"<p>Mit dem neuen Band der B\u00fcdinger Geschichtsbl\u00e4tter wird eine F\u00fclle bislang unbekannter Aspekte unterschiedlicher Epochen dargestellt. Auf 336 Seiten schreiben zehn Autoren in Band XXIV \u00fcber spannende Themen der Geschichte B\u00fcdingens und unserer Region.<\/p>\n<p>Dr. Siegfried Wei\u00df berichtet \u00fcber Heinemann Lismann, den Handelsmann und Vorsteher der j\u00fcdischen Gemeinde zu B\u00fcdingen, und seine Nachkommen. Werner Loibl zeigt die Lebensleistung Heinrich Georg Beyers aus Gr\u00fcndau-Breitenborn bei der Einf\u00fchrung der Steinkohlenfeuerung f\u00fcr Mondglas-Schmelz\u00f6fen in Deutschland auf. Gisela Lorenzen hat sich mit dem Genisa-Fund im Hause M\u00fcnz\/Levi in der Altstadt 8 in B\u00fcdingen auseinandergesetzt. Armin Schr\u00f6der stellt Grundlagen des geologischen Eckartshausen zusammen. Dr. Petra Hanauska und Dr. Thorsten Sonnemann er\u00f6rtern die Bedeutung\u00c2\u00a0 des T\u00f6pfereizentrums von Aulendiebach im Spannungsfeld der mittelalterlichen Keramikproduktion im Rhein-Main-Gebiet. Dr. Klaus-Peter Decker behandelt anschaulich und detailliert die Entwicklung der Wasserversorgung in B\u00fcdingen. Angelina Gro\u00dfmann beleuchtet mit ihren Ausf\u00fchrungen \u00fcber den m\u00f6glichen Nutzen eines Hexendenkmals in B\u00fcdingen ein Thema aus l\u00e4ngst nicht vergessenen Zeiten. Mit seiner Untersuchung vom Leben und Sterben des deutschen Juden Nathan Nathan wendet sich Dr. Volkmar Stein einem eher unbekannten B\u00fcdinger und dessen Lebensweg zu. Der gleiche Autor stellt die Verdienste von Karl Heuson vor. Gerhard Blumenr\u00f6der besch\u00e4ftigt sich mit dem B\u00fcdinger Maler Hans Volk. Abgerundet wird der Band mit einer Betrachtung des Gerichts Burkhards von Christian Vogel.<\/p>\n<p>Der B\u00fcdinger Geschichtsverein bedankt sich ganz herzlich bei den politischen Gremien der Stadt und des Wetteraukreises f\u00fcr die finanzielle Unterst\u00fctzung bei dieser Publikation und w\u00fcnscht allen Leserinnen und Lesern des neuen Bandes viel Freude und Zugewinn an Wissen \u00fcber die Geschichte unserer Region. Allen Autoren Dank f\u00fcr ihre Beitr\u00e4ge. Damit haben sie wesentlich die Dokumentation neuer Erkenntnisse in der Regionalgeschichte vorangetrieben. Mitglieder k\u00f6nnen den neuen Band im Heuson-Museum abholen.<\/p>\n","protected":false},"excerpt":{"rendered":"<div class=\"tmnf_excerpt\"><p>Mit dem neuen Band der B\u00fcdinger Geschichtsbl\u00e4tter wird eine F\u00fclle bislang unbekannter Aspekte unterschiedlicher Epochen dargestellt. Auf 336 Seiten schreiben zehn Autoren in Band XXIV \u00fcber spannende Themen der Geschichte B\u00fcdingens und unserer Region. Dr. Siegfried Wei\u00df berichtet \u00fcber Heinemann Lismann, den Handelsmann und Vorsteher der j\u00fcdischen Gemeinde zu B\u00fcdingen, und seine Nachkommen. Werner Loibl &hellip;<\/p>\n<\/div>","protected":false},"author":1,"featured_media":156629,"comment_status":"closed","ping_status":"closed","sticky":false,"template":"","format":"standard","meta":{"footnotes":""},"categories":[1],"tags":[],"class_list":["post-156626","post","type-post","status-publish","format-standard","has-post-thumbnail","hentry","category-startseite"],"_links":{"self":[{"href":"https:\/\/www.fuldaernachrichten.de\/index.php?rest_route=\/wp\/v2\/posts\/156626","targetHints":{"allow":["GET"]}}],"collection":[{"href":"https:\/\/www.fuldaernachrichten.de\/index.php?rest_route=\/wp\/v2\/posts"}],"about":[{"href":"https:\/\/www.fuldaernachrichten.de\/index.php?rest_route=\/wp\/v2\/types\/post"}],"author":[{"embeddable":true,"href":"https:\/\/www.fuldaernachrichten.de\/index.php?rest_route=\/wp\/v2\/users\/1"}],"replies":[{"embeddable":true,"href":"https:\/\/www.fuldaernachrichten.de\/index.php?rest_route=%2Fwp%2Fv2%2Fcomments&post=156626"}],"version-history":[{"count":1,"href":"https:\/\/www.fuldaernachrichten.de\/index.php?rest_route=\/wp\/v2\/posts\/156626\/revisions"}],"predecessor-version":[{"id":156630,"href":"https:\/\/www.fuldaernachrichten.de\/index.php?rest_route=\/wp\/v2\/posts\/156626\/revisions\/156630"}],"wp:featuredmedia":[{"embeddable":true,"href":"https:\/\/www.fuldaernachrichten.de\/index.php?rest_route=\/wp\/v2\/media\/156629"}],"wp:attachment":[{"href":"https:\/\/www.fuldaernachrichten.de\/index.php?rest_route=%2Fwp%2Fv2%2Fmedia&parent=156626"}],"wp:term":[{"taxonomy":"category","embeddable":true,"href":"https:\/\/www.fuldaernachrichten.de\/index.php?rest_route=%2Fwp%2Fv2%2Fcategories&post=156626"},{"taxonomy":"post_tag","embeddable":true,"href":"https:\/\/www.fuldaernachrichten.de\/index.php?rest_route=%2Fwp%2Fv2%2Ftags&post=156626"}],"curies":[{"name":"wp","href":"https:\/\/api.w.org\/{rel}","templated":true}]}}