{"id":15662,"date":"2008-12-05T08:10:49","date_gmt":"2008-12-05T07:10:49","guid":{"rendered":"http:\/\/www.schoene-nachrichten.de\/?p=15662"},"modified":"2008-12-05T08:35:03","modified_gmt":"2008-12-05T07:35:03","slug":"westerfeld-ueberreicht-70000-euro-landeszuwendung-fuer-feuerwehrfahrzeug","status":"publish","type":"post","link":"https:\/\/www.fuldaernachrichten.de\/?p=15662","title":{"rendered":"Westerfeld \u00fcberreicht 70.000 Euro Landeszuwendung f\u00fcr Feuerwehrfahrzeug"},"content":{"rendered":"<p><strong>Nidda. <\/strong>Zur St\u00e4rkung des Brandschutzes im Wetteraukreis bekommt die Freiwillige Feuerwehr Nidda ein neues L\u00f6schgruppenfahrzeug. Innen- und Finanzstaatssekret\u00e4r Horst Westerfeld \u00fcberreichte den Bescheid \u00fcber eine Landeszuwendung in H\u00f6he von 70.000 Euro heute im Rathaus der Stadt Nidda.<!--more--><br \/>\n\u201cEs ist die Kernaufgabe der Gesellschaft, in Not geratenen Menschen m\u00f6glichst qualifiziert und schnell zu helfen. Deswegen besitzen die Freiwilligen Feuerwehren auch einen so hohen Stellenwert f\u00fcr die Hessische Landesregierung und wir unterst\u00fctzen sie bei der Erf\u00fcllung dieser Aufgabe nach Kr\u00e4ften\u00e2\u20ac\u009d, so Staatssekret\u00e4r Westerfeld. Im vergangenen Jahr seien 30 Feuerwehrh\u00e4user und 100 Fahrzeuge mit insgesamt 9,5 Millionen Euro gef\u00f6rdert worden. Das Land Hessen unterst\u00fctzt die Kommunen bei der Erf\u00fcllung ihrer Aufgaben im Brandschutz au\u00dferdem durch die Ausbildung der Feuerwehrangeh\u00f6rigen an der Landesfeuerwehrschule. Daf\u00fcr stehen j\u00e4hrlich 12 Millionen Euro zur Verf\u00fcgung.<\/p>\n<p>Das neue L\u00f6schgruppenfahrzeug f\u00fcr die Feuerwehr Gei\u00df-Nidda \/ Bad Salzhausen ersetzt zwei alte L\u00f6schfahrzeuge aus dem Jahr 1971 bzw. 1979 und wird insgesamt 175.000 Euro kosten: \u201cEine gute und funktionale Ausstattung f\u00fcr die Wehren ist ein elementarer und unverzichtbarer Bestandteil. Aber sie w\u00e4re nutzlos, wenn keine Feuerwehrfrauen und -m\u00e4nner da w\u00e4ren, um diese zu bedienen\u00e2\u20ac\u009d, sagte Westerfeld. Die Mitglieder der Freiwilligen Feuerwehren investierten viel Freizeit, um f\u00fcr ihre Mitb\u00fcrger Tag und Nacht einsatzbereit zu sein. Daher dankte er der Feuerwehr f\u00fcr ihr hervorragendes Engagement und ihren Dienst an der Gesellschaft.<\/p>\n","protected":false},"excerpt":{"rendered":"<div class=\"tmnf_excerpt\"><p>Nidda. Zur St\u00e4rkung des Brandschutzes im Wetteraukreis bekommt die Freiwillige Feuerwehr Nidda ein neues L\u00f6schgruppenfahrzeug. Innen- und Finanzstaatssekret\u00e4r Horst Westerfeld \u00fcberreichte den Bescheid \u00fcber eine Landeszuwendung in H\u00f6he von 70.000 Euro heute im Rathaus der Stadt Nidda.<\/p>\n<\/div>","protected":false},"author":1,"featured_media":0,"comment_status":"closed","ping_status":"closed","sticky":false,"template":"","format":"standard","meta":{"footnotes":""},"categories":[1,35,71,29],"tags":[],"class_list":["post-15662","post","type-post","status-publish","format-standard","hentry","category-startseite","category-auto","category-feuerwehr","category-politik"],"_links":{"self":[{"href":"https:\/\/www.fuldaernachrichten.de\/index.php?rest_route=\/wp\/v2\/posts\/15662","targetHints":{"allow":["GET"]}}],"collection":[{"href":"https:\/\/www.fuldaernachrichten.de\/index.php?rest_route=\/wp\/v2\/posts"}],"about":[{"href":"https:\/\/www.fuldaernachrichten.de\/index.php?rest_route=\/wp\/v2\/types\/post"}],"author":[{"embeddable":true,"href":"https:\/\/www.fuldaernachrichten.de\/index.php?rest_route=\/wp\/v2\/users\/1"}],"replies":[{"embeddable":true,"href":"https:\/\/www.fuldaernachrichten.de\/index.php?rest_route=%2Fwp%2Fv2%2Fcomments&post=15662"}],"version-history":[{"count":4,"href":"https:\/\/www.fuldaernachrichten.de\/index.php?rest_route=\/wp\/v2\/posts\/15662\/revisions"}],"predecessor-version":[{"id":15716,"href":"https:\/\/www.fuldaernachrichten.de\/index.php?rest_route=\/wp\/v2\/posts\/15662\/revisions\/15716"}],"wp:attachment":[{"href":"https:\/\/www.fuldaernachrichten.de\/index.php?rest_route=%2Fwp%2Fv2%2Fmedia&parent=15662"}],"wp:term":[{"taxonomy":"category","embeddable":true,"href":"https:\/\/www.fuldaernachrichten.de\/index.php?rest_route=%2Fwp%2Fv2%2Fcategories&post=15662"},{"taxonomy":"post_tag","embeddable":true,"href":"https:\/\/www.fuldaernachrichten.de\/index.php?rest_route=%2Fwp%2Fv2%2Ftags&post=15662"}],"curies":[{"name":"wp","href":"https:\/\/api.w.org\/{rel}","templated":true}]}}