{"id":156612,"date":"2016-10-29T11:04:21","date_gmt":"2016-10-29T09:04:21","guid":{"rendered":"http:\/\/www.fuldaer-nachrichten.de\/?p=156612"},"modified":"2016-10-29T11:04:21","modified_gmt":"2016-10-29T09:04:21","slug":"millionen-investitionen-und-mehr-personal-fuer-huenfeld-mdb-michael-brand-besucht-bundespolizei-standort","status":"publish","type":"post","link":"https:\/\/www.fuldaernachrichten.de\/?p=156612","title":{"rendered":"\u201eMillionen-Investitionen und mehr Personal f\u00fcr H\u00fcnfeld\u201c \u2013 MdB Michael Brand besucht Bundespolizei-Standort"},"content":{"rendered":"<p>Mehr Personal, hohe Investitionen \u2013 eine ganze Menge tut sich derzeit am Standort der Bundespolizei in H\u00fcnfeld. Nach Auskunft des Fuldaer Wahlkreisabgeordneten Michael Brand k\u00f6nnten hier weitere Investitionen in Millionenh\u00f6he folgen.<\/p>\n<p>\u201eDer Standort in H\u00fcnfeld geh\u00f6rt zu den Besten in Deutschland &#8211; zentrale Lage, gutes Personal, hohe Professionalit\u00e4t und Motivation\u201c, lobte Michael Brand die Bundespolizei bei einem Standortbesuch diese Woche in der Konrad-Zuse-Stadt.<\/p>\n<p>Als \u201ezuverl\u00e4ssigen Freund und Unterst\u00fctzer des Standortes\u201c begr\u00fc\u00dfte Dr. Jan-Peter Germann, stellv. Abteilungsf\u00fchrer der H\u00fcnfelder Truppe, den Abgeordneten, der sich unter anderem einen eigenen Eindruck \u00fcber die Bauarbeiten am neuen Polizeitrainingszentrum verschaffen wollte. Bis Mitte Dezember sollen die Arbeiten beendet sein, so dass es zuk\u00fcnftig optimale Ausbildungsm\u00f6glichkeiten in H\u00fcnfeld gibt.<\/p>\n<p>Der Bund investiert daf\u00fcr \u00fcber 1,3 Millionen EURO. In der kommenden Woche wird au\u00dferdem mit der Komplettsanierung der Laufbahn und der Sportanlage begonnen mit Investitionen von rund 600.000 EURO. \u201eIn H\u00fcnfeld tut sich eine Menge, auch Dank der sehr aktiven Unterst\u00fctzung von Bundesinnenminister Thomas de Maiziere\u201c, so Brand. Im vergangenen Jahr wurden 3 hochmoderne Wasserwerfer in Dienst gestellt und 2017 wird eine der bundesweit 5 robusten Anti-Terror-Einheiten in H\u00fcnfeld stationiert. Die zus\u00e4tzliche Einheit bedeutet einen Personalaufwuchs von circa 50 Personen. Derzeit l\u00e4uft die Bewerbungsphase, im ersten Halbjahr 2017 wird die Ausbildung beginnen.<\/p>\n<p>\u201eUnser Standort in H\u00fcnfeld w\u00e4chst, Ausstattung und Ausbildung werden verbessert\u201c, so Brand. \u201eUnd es gibt gute Gr\u00fcnde, warum der Bund so viel investiert. Die Sicherheitslage ver\u00e4ndert sich seit Jahren, darauf hat die Politik reagiert.\u201c In der Sitzungswoche im November werde der Deutsche Bundestag noch einmal zus\u00e4tzliche Stellen f\u00fcr die Bundespolizei verschlie\u00dfen, so dass bis 2018 insgesamt \u00fcber 4.300 neue Kr\u00e4fte eingestellt werden sollen, bis 2020 soll ein Aufwuchs auf \u00fcber 7.000 Stellen erreicht werden.<\/p>\n<p>\u201eDie Kraftanstrengung ist erforderlich, denn die Bundespolizei leistet enorm viel, f\u00fcr Sicherheit bei kritischer Infrastruktur wie Bahnh\u00f6fen und Flugh\u00e4fen, Terrorabwehr, Gro\u00dfdemonstrationen, gegen links- wie rechtsextreme Gewalt, international organisierte Kriminalit\u00e4t\u201c, so der CDU-Politiker.<\/p>\n<p>Wie MdB Brand mitteilte, sind sogar weitere Investitionen am H\u00fcnfelder Standort in Planung wie eine Sanierung der Standortschie\u00dfanlage (rund 600.000 EURO) und der m\u00f6gliche Neubau einer Raumschie\u00dfanlage (rund 3 Mio EURO). Bei Gespr\u00e4chen mit der Spitze des Bundesinnenministeriums setzt sich der Abgeordnete daf\u00fcr ein, dass der Aufwuchs des Standortes mit seinen derzeit 518 Mitarbeitern weitergeht. Diskutiert wurde auch \u00fcber einen Ausbau des Hubschrauberlandesplatzes. Nach Brands Ansicht sollten au\u00dferdem alle Einsatzkr\u00e4fte der Beweissicherungs- und Festnahmehundertschaft eine Erschwerniszulage von monatlich 150 EURO erhalten.<\/p>\n<p>\u201eDie Bundespolizei hat alle Unterst\u00fctzung verdient\u201c, so Brand. \u201eWie Polizei, Bundeswehr oder Nachrichtendienste sorgt sie mit hoher Professionalit\u00e4t f\u00fcr unser aller Sicherheit\u201c. Die F\u00fchrung der Bundespolizei in H\u00fcnfeld dankte dem Abgeordneten f\u00fcr \u201edas stets offene Ohr, regelm\u00e4\u00dfige Besuche und Unterst\u00fctzung\u201c. \u201eDas ist keine Selbstverst\u00e4ndlichkeit, wir wissen das zu sch\u00e4tzen\u201c, sagte Germann abschlie\u00dfend.<\/p>\n<p>Bildunterschrift<br \/>\nKonzentrierte Blicke: MdB Michael Brand macht sich vor Ort ein Bild \u00fcber den Neubau des neuen Polizeitrainingszentrum. Rechts hinten H\u00fcnfelds Stv. Abteilungsf\u00fchrer Dr. Jan-Peter Germann, daneben; Frank Martini, Vorsitzender des Personalrates; Helmut Spanel, Stabsbereichsleiter Zentrale Dienste, Polizeihauptkommissar J\u00fcrgen Bohl, und Uwe Hoffmann, Beauftragter f\u00fcr das Polizeitraining der Bundespolizeiabteilung H\u00fcnfeld<\/p>\n","protected":false},"excerpt":{"rendered":"<div class=\"tmnf_excerpt\"><p>Mehr Personal, hohe Investitionen \u2013 eine ganze Menge tut sich derzeit am Standort der Bundespolizei in H\u00fcnfeld. Nach Auskunft des Fuldaer Wahlkreisabgeordneten Michael Brand k\u00f6nnten hier weitere Investitionen in Millionenh\u00f6he folgen. \u201eDer Standort in H\u00fcnfeld geh\u00f6rt zu den Besten in Deutschland &#8211; zentrale Lage, gutes Personal, hohe Professionalit\u00e4t und Motivation\u201c, lobte Michael Brand die Bundespolizei &hellip;<\/p>\n<\/div>","protected":false},"author":1,"featured_media":156616,"comment_status":"closed","ping_status":"closed","sticky":false,"template":"","format":"standard","meta":{"footnotes":""},"categories":[1],"tags":[],"class_list":["post-156612","post","type-post","status-publish","format-standard","has-post-thumbnail","hentry","category-startseite"],"_links":{"self":[{"href":"https:\/\/www.fuldaernachrichten.de\/index.php?rest_route=\/wp\/v2\/posts\/156612","targetHints":{"allow":["GET"]}}],"collection":[{"href":"https:\/\/www.fuldaernachrichten.de\/index.php?rest_route=\/wp\/v2\/posts"}],"about":[{"href":"https:\/\/www.fuldaernachrichten.de\/index.php?rest_route=\/wp\/v2\/types\/post"}],"author":[{"embeddable":true,"href":"https:\/\/www.fuldaernachrichten.de\/index.php?rest_route=\/wp\/v2\/users\/1"}],"replies":[{"embeddable":true,"href":"https:\/\/www.fuldaernachrichten.de\/index.php?rest_route=%2Fwp%2Fv2%2Fcomments&post=156612"}],"version-history":[{"count":1,"href":"https:\/\/www.fuldaernachrichten.de\/index.php?rest_route=\/wp\/v2\/posts\/156612\/revisions"}],"predecessor-version":[{"id":156619,"href":"https:\/\/www.fuldaernachrichten.de\/index.php?rest_route=\/wp\/v2\/posts\/156612\/revisions\/156619"}],"wp:featuredmedia":[{"embeddable":true,"href":"https:\/\/www.fuldaernachrichten.de\/index.php?rest_route=\/wp\/v2\/media\/156616"}],"wp:attachment":[{"href":"https:\/\/www.fuldaernachrichten.de\/index.php?rest_route=%2Fwp%2Fv2%2Fmedia&parent=156612"}],"wp:term":[{"taxonomy":"category","embeddable":true,"href":"https:\/\/www.fuldaernachrichten.de\/index.php?rest_route=%2Fwp%2Fv2%2Fcategories&post=156612"},{"taxonomy":"post_tag","embeddable":true,"href":"https:\/\/www.fuldaernachrichten.de\/index.php?rest_route=%2Fwp%2Fv2%2Ftags&post=156612"}],"curies":[{"name":"wp","href":"https:\/\/api.w.org\/{rel}","templated":true}]}}