{"id":156590,"date":"2016-10-29T10:59:08","date_gmt":"2016-10-29T08:59:08","guid":{"rendered":"http:\/\/www.fuldaer-nachrichten.de\/?p=156590"},"modified":"2016-10-29T10:59:08","modified_gmt":"2016-10-29T08:59:08","slug":"gewaltfreie-kommunikation-nach-rosenberg","status":"publish","type":"post","link":"https:\/\/www.fuldaernachrichten.de\/?p=156590","title":{"rendered":"Gewaltfreie Kommunikation nach Rosenberg"},"content":{"rendered":"<p>Anhand der gewaltfreien Kommunikation nach Marshall Rosenberg sollen in einem Einf\u00fchrungskurses der Volkshochschule des Landkreises Fulda L\u00f6sungsm\u00f6glichkeiten aufgezeigt werden, wie man eigenen Bed\u00fcrfnisse so ausdr\u00fccken k\u00f6nnen, dass der Gegen\u00fcber keinen Vorwurf heraush\u00f6rt oder sich in irgendeiner Weise eingeschr\u00e4nkt f\u00fchlt. Der erste Kursabend beginnt am Mittwoch, 2. Juli, um 19.30 Uhr im Georg-Stieler-Haus, Gallasiniring 1, in Fulda. Infos und Anmeldung mit Kursnummer VN1070112 unter www.vhs-fulda.de oder Telefon (0661)6006160<\/p>\n","protected":false},"excerpt":{"rendered":"<div class=\"tmnf_excerpt\"><p>Anhand der gewaltfreien Kommunikation nach Marshall Rosenberg sollen in einem Einf\u00fchrungskurses der Volkshochschule des Landkreises Fulda L\u00f6sungsm\u00f6glichkeiten aufgezeigt werden, wie man eigenen Bed\u00fcrfnisse so ausdr\u00fccken k\u00f6nnen, dass der Gegen\u00fcber keinen Vorwurf heraush\u00f6rt oder sich in irgendeiner Weise eingeschr\u00e4nkt f\u00fchlt. Der erste Kursabend beginnt am Mittwoch, 2. Juli, um 19.30 Uhr im Georg-Stieler-Haus, Gallasiniring 1, in &hellip;<\/p>\n<\/div>","protected":false},"author":1,"featured_media":0,"comment_status":"closed","ping_status":"closed","sticky":false,"template":"","format":"standard","meta":{"footnotes":""},"categories":[1],"tags":[],"class_list":["post-156590","post","type-post","status-publish","format-standard","hentry","category-startseite"],"_links":{"self":[{"href":"https:\/\/www.fuldaernachrichten.de\/index.php?rest_route=\/wp\/v2\/posts\/156590","targetHints":{"allow":["GET"]}}],"collection":[{"href":"https:\/\/www.fuldaernachrichten.de\/index.php?rest_route=\/wp\/v2\/posts"}],"about":[{"href":"https:\/\/www.fuldaernachrichten.de\/index.php?rest_route=\/wp\/v2\/types\/post"}],"author":[{"embeddable":true,"href":"https:\/\/www.fuldaernachrichten.de\/index.php?rest_route=\/wp\/v2\/users\/1"}],"replies":[{"embeddable":true,"href":"https:\/\/www.fuldaernachrichten.de\/index.php?rest_route=%2Fwp%2Fv2%2Fcomments&post=156590"}],"version-history":[{"count":1,"href":"https:\/\/www.fuldaernachrichten.de\/index.php?rest_route=\/wp\/v2\/posts\/156590\/revisions"}],"predecessor-version":[{"id":156594,"href":"https:\/\/www.fuldaernachrichten.de\/index.php?rest_route=\/wp\/v2\/posts\/156590\/revisions\/156594"}],"wp:attachment":[{"href":"https:\/\/www.fuldaernachrichten.de\/index.php?rest_route=%2Fwp%2Fv2%2Fmedia&parent=156590"}],"wp:term":[{"taxonomy":"category","embeddable":true,"href":"https:\/\/www.fuldaernachrichten.de\/index.php?rest_route=%2Fwp%2Fv2%2Fcategories&post=156590"},{"taxonomy":"post_tag","embeddable":true,"href":"https:\/\/www.fuldaernachrichten.de\/index.php?rest_route=%2Fwp%2Fv2%2Ftags&post=156590"}],"curies":[{"name":"wp","href":"https:\/\/api.w.org\/{rel}","templated":true}]}}