{"id":156576,"date":"2016-10-27T20:32:49","date_gmt":"2016-10-27T18:32:49","guid":{"rendered":"http:\/\/www.fuldaer-nachrichten.de\/?p=156576"},"modified":"2016-10-27T20:32:49","modified_gmt":"2016-10-27T18:32:49","slug":"adressat-unbekannt-szenische-lesung-mit-musik","status":"publish","type":"post","link":"https:\/\/www.fuldaernachrichten.de\/?p=156576","title":{"rendered":"Adressat unbekannt &#8211; Szenische Lesung mit Musik"},"content":{"rendered":"<p>Am Mittwoch, den 09. November 2016, 19.00 Uhr, wird im VHS Forum, Kanzlerpalais, Unterm Hl. Kreuz 1, Fulda, auf Einladung der Christlich-J\u00fcdischen Gesellschaft Fulda und dem Kulturamt der Stadt Fulda, von der Theatergruppe ETPtete aus Wetzlar die Szenische Lesung \u201eAdressat unbekannt\u201c aufgef\u00fchrt.<\/p>\n<p>\u201eAdressat unbekannt\u201c, der gro\u00dfe literarische Erfolg von Kathrine Kressmann Taylor, ist ein Roman von beklemmender Aktualit\u00e4t. Gestaltet als Briefwechsel zwischen einem Deutschen und einem amerikanischen Juden in den Monaten um Hitlers Macht\u00fcbernahme, schildert er die tragische Entwicklung einer Freundschaft und die Geschichte einer bitterb\u00f6sen Rache. &#8220;Ich habe nie auf weniger Seiten ein gr\u00f6\u00dferes Drama gelesen&#8221;, schreibt Elke Heidenreich in ihrem Nachwort. &#8220;Diese Geschichte ist meisterhaft, sie ist mit un\u00fcbertrefflicher Spannung gebaut, in irritierender K\u00fcrze, kein Wort zu viel, keines fehlt &#8230; Nie wurde das zersetzende Gift des Nationalsozialismus eindringlicher beschrieben. Adressat unbekannt sollte Schullekt\u00fcre werden.&#8221; (Elke Heidenreich)<\/p>\n<p>Bei der Inszenierung handelt es sich um eine Lesung mit musikalischer Unterlegung und Collagen der Theatergruppe ETPtete aus der Produktion \u201eAngst\u201c von 2012 und dem Musikarrangement von Achim Breinl aus Marburg. Daraus entsteht eine intensive, alle Sinne ansprechende Darstellung f\u00fcr den Zuschauer.<\/p>\n<p>Dauer des St\u00fcckes etwa eine Stunde, ohne Pause. Es lesen Michael Herbel (Max, Amerika) Gisela Stoll-Krohn (Martin, Deutschland),Beatrix Egler (Zitate und \u00f6rtliche Bez\u00fcge, Keyboard). Dazu kommen noch weitere Personen f\u00fcr die Szenen und Annika Brummer, Saxophon.<\/p>\n","protected":false},"excerpt":{"rendered":"<div class=\"tmnf_excerpt\"><p>Am Mittwoch, den 09. November 2016, 19.00 Uhr, wird im VHS Forum, Kanzlerpalais, Unterm Hl. Kreuz 1, Fulda, auf Einladung der Christlich-J\u00fcdischen Gesellschaft Fulda und dem Kulturamt der Stadt Fulda, von der Theatergruppe ETPtete aus Wetzlar die Szenische Lesung \u201eAdressat unbekannt\u201c aufgef\u00fchrt. \u201eAdressat unbekannt\u201c, der gro\u00dfe literarische Erfolg von Kathrine Kressmann Taylor, ist ein Roman &hellip;<\/p>\n<\/div>","protected":false},"author":1,"featured_media":0,"comment_status":"closed","ping_status":"closed","sticky":false,"template":"","format":"standard","meta":{"footnotes":""},"categories":[1],"tags":[],"class_list":["post-156576","post","type-post","status-publish","format-standard","hentry","category-startseite"],"_links":{"self":[{"href":"https:\/\/www.fuldaernachrichten.de\/index.php?rest_route=\/wp\/v2\/posts\/156576","targetHints":{"allow":["GET"]}}],"collection":[{"href":"https:\/\/www.fuldaernachrichten.de\/index.php?rest_route=\/wp\/v2\/posts"}],"about":[{"href":"https:\/\/www.fuldaernachrichten.de\/index.php?rest_route=\/wp\/v2\/types\/post"}],"author":[{"embeddable":true,"href":"https:\/\/www.fuldaernachrichten.de\/index.php?rest_route=\/wp\/v2\/users\/1"}],"replies":[{"embeddable":true,"href":"https:\/\/www.fuldaernachrichten.de\/index.php?rest_route=%2Fwp%2Fv2%2Fcomments&post=156576"}],"version-history":[{"count":1,"href":"https:\/\/www.fuldaernachrichten.de\/index.php?rest_route=\/wp\/v2\/posts\/156576\/revisions"}],"predecessor-version":[{"id":156581,"href":"https:\/\/www.fuldaernachrichten.de\/index.php?rest_route=\/wp\/v2\/posts\/156576\/revisions\/156581"}],"wp:attachment":[{"href":"https:\/\/www.fuldaernachrichten.de\/index.php?rest_route=%2Fwp%2Fv2%2Fmedia&parent=156576"}],"wp:term":[{"taxonomy":"category","embeddable":true,"href":"https:\/\/www.fuldaernachrichten.de\/index.php?rest_route=%2Fwp%2Fv2%2Fcategories&post=156576"},{"taxonomy":"post_tag","embeddable":true,"href":"https:\/\/www.fuldaernachrichten.de\/index.php?rest_route=%2Fwp%2Fv2%2Ftags&post=156576"}],"curies":[{"name":"wp","href":"https:\/\/api.w.org\/{rel}","templated":true}]}}