{"id":156574,"date":"2016-10-27T20:31:53","date_gmt":"2016-10-27T18:31:53","guid":{"rendered":"http:\/\/www.fuldaer-nachrichten.de\/?p=156574"},"modified":"2016-10-27T20:31:53","modified_gmt":"2016-10-27T18:31:53","slug":"klotzsche-zu-sparkassen-schliessungen","status":"publish","type":"post","link":"https:\/\/www.fuldaernachrichten.de\/?p=156574","title":{"rendered":"Klotzsche zu Sparkassen-Schlie\u00dfungen"},"content":{"rendered":"<p>Im Zusammenhang mit der von der Sparkasse Fulda angek\u00fcndigten Schlie\u00dfung von neun Filialen im Landkreis bis Ende 2016 erkl\u00e4rt Mario Klotzsche, Kreis- und Fraktionsvorsitzender der Freien Demokraten:<\/p>\n<p>\u201eWenn die Sparkasse Fulda von 43 Filialen im ganzen Kreisgebiet zum Jahresende neun Filialen schlie\u00dft, ist das ein dramatischer Einschnitt, der uns alarmieren muss. Neben der Digitalisierung des Finanzbereiches ist der eigentliche Grund f\u00fcr diese Entwicklung aber die politisch gewollte Negativzinspolitik der EZB, die sich nun auch auf die Gemeinden und Ortsteile im Landkreis Fulda auswirkt. Es ist auch zu bef\u00fcrchten, dass es bei der Schlie\u00dfung von 20 Prozent aller Standorte Arbeitspl\u00e4tze abgebaut werden und in Zukunft weitere Standorte auf dem Pr\u00fcfstand stehen.<\/p>\n<p>Die Sparkasse hat einen \u00f6ffentlich-rechtlichen Auftrag und wird vom Landkreis und der Stadt Fulda getragen. Hauptzweck der Sparkassen ist laut Gesetz eben nicht die Gewinnerzielung, sondern die Sicherstellung der Versorgung mit Finanzdienstleistungen, gerade auch in l\u00e4ndlichen Gemeinden. Sicherlich kommen die meisten jungen Menschen mit dem Online-Banking klar, aber wer denkt eigentlich an die vielen \u00e4lteren Menschen, die schon seit Jahrzehnten ihr Konto treu bei der Sparkasse gef\u00fchrt haben und nun vor Ort keine Mitarbeiter mehr antreffen. Oft wird dar\u00fcber geredet den l\u00e4ndlichen Raum zu st\u00e4rken, aber wenn die Sparkasse Filialen schlie\u00dft passiert genau das Gegenteil. Die Ortsteile verlieren wieder ein St\u00fcck Infrastruktur. Auch bei den \u00d6ffnungszeiten hat die Sparkasse bereits kr\u00e4ftige Einschnitte vollzogen, so schlie\u00dft sogar die Hauptfiliale am Buttermarkt in Fulda schon um 16 Uhr. Das hat mit gesteigerter Servicequalit\u00e4t wenig zu tun.\u201c<\/p>\n<p>Klotzsche weiter:<br \/>\n\u201eDie Versorgung der l\u00e4ndlichen Gemeinden mit Finanzdienstleistungen geh\u00f6rt zu den Hauptgr\u00fcnden, weshalb Sparkassen \u00fcberhaupt als \u00f6ffentlich-rechtliche Einrichtungen entstanden sind. Das gilt auch f\u00fcr die Kreditvergabe an Kleinunternehmen und Mittelst\u00e4ndler. Es reicht f\u00fcr die Zukunft jedenfalls nicht aus nur Filialen zu schlie\u00dfen. Die Sparkasse muss Antwort geben, wie sie trotz schwieriger Bedingungen ihre Pr\u00e4senz in der Fl\u00e4che beibehalten kann, denn genau das macht den Unterschied zu einer Privatbank aus, die nur betriebswirtschaftlich handelt. Wir werden den Landkreis Fulda auffordern sich gemeinsam mit der Sparkasse dar\u00fcber Gedanken zu machen, wie die Zukunft der Sparkasse auf dem Land aussehen soll, denn schlie\u00dflich ist der Landrat auch Vorsitzender des Verwaltungsrates der Sparkasse.\u201c<\/p>\n","protected":false},"excerpt":{"rendered":"<div class=\"tmnf_excerpt\"><p>Im Zusammenhang mit der von der Sparkasse Fulda angek\u00fcndigten Schlie\u00dfung von neun Filialen im Landkreis bis Ende 2016 erkl\u00e4rt Mario Klotzsche, Kreis- und Fraktionsvorsitzender der Freien Demokraten: \u201eWenn die Sparkasse Fulda von 43 Filialen im ganzen Kreisgebiet zum Jahresende neun Filialen schlie\u00dft, ist das ein dramatischer Einschnitt, der uns alarmieren muss. Neben der Digitalisierung des &hellip;<\/p>\n<\/div>","protected":false},"author":1,"featured_media":0,"comment_status":"closed","ping_status":"closed","sticky":false,"template":"","format":"standard","meta":{"footnotes":""},"categories":[1],"tags":[],"class_list":["post-156574","post","type-post","status-publish","format-standard","hentry","category-startseite"],"_links":{"self":[{"href":"https:\/\/www.fuldaernachrichten.de\/index.php?rest_route=\/wp\/v2\/posts\/156574","targetHints":{"allow":["GET"]}}],"collection":[{"href":"https:\/\/www.fuldaernachrichten.de\/index.php?rest_route=\/wp\/v2\/posts"}],"about":[{"href":"https:\/\/www.fuldaernachrichten.de\/index.php?rest_route=\/wp\/v2\/types\/post"}],"author":[{"embeddable":true,"href":"https:\/\/www.fuldaernachrichten.de\/index.php?rest_route=\/wp\/v2\/users\/1"}],"replies":[{"embeddable":true,"href":"https:\/\/www.fuldaernachrichten.de\/index.php?rest_route=%2Fwp%2Fv2%2Fcomments&post=156574"}],"version-history":[{"count":1,"href":"https:\/\/www.fuldaernachrichten.de\/index.php?rest_route=\/wp\/v2\/posts\/156574\/revisions"}],"predecessor-version":[{"id":156577,"href":"https:\/\/www.fuldaernachrichten.de\/index.php?rest_route=\/wp\/v2\/posts\/156574\/revisions\/156577"}],"wp:attachment":[{"href":"https:\/\/www.fuldaernachrichten.de\/index.php?rest_route=%2Fwp%2Fv2%2Fmedia&parent=156574"}],"wp:term":[{"taxonomy":"category","embeddable":true,"href":"https:\/\/www.fuldaernachrichten.de\/index.php?rest_route=%2Fwp%2Fv2%2Fcategories&post=156574"},{"taxonomy":"post_tag","embeddable":true,"href":"https:\/\/www.fuldaernachrichten.de\/index.php?rest_route=%2Fwp%2Fv2%2Ftags&post=156574"}],"curies":[{"name":"wp","href":"https:\/\/api.w.org\/{rel}","templated":true}]}}