{"id":156565,"date":"2016-10-27T20:29:40","date_gmt":"2016-10-27T18:29:40","guid":{"rendered":"http:\/\/www.fuldaer-nachrichten.de\/?p=156565"},"modified":"2016-10-27T20:29:40","modified_gmt":"2016-10-27T18:29:40","slug":"zeig-mir-deine-stadt-fulda-selma-uesuek-erkundet-geheimtipps-fuer-die-bischofsstadt","status":"publish","type":"post","link":"https:\/\/www.fuldaernachrichten.de\/?p=156565","title":{"rendered":"Zeig mir deine Stadt: Fulda &#8211; Selma \u00dcs\u00fck erkundet Geheimtipps f\u00fcr die Bischofsstadt"},"content":{"rendered":"<p>Die touristischen Highlights von Fulda sind weit \u00fcber die Grenzen Hessens hinaus bekannt. Aber was macht die Stadt wirklich aus? Wo verstecken sich echte Geheimtipps? Welche Ecken gefallen den Fuldaern an ihrer Stadt am besten? Was muss man neben Dom, Frauenberg und Barockschloss unbedingt gesehen, wen in Fulda getroffen haben? Wo ist der sch\u00f6nste Blick auf die Stadt, bei wem schmeckt der Kaffee am besten, und wo findet man die leckersten Spezialit\u00e4ten aus der Rh\u00f6n?<\/p>\n<p>\u201eZeig mir deine Stadt\u201c ist Motto und Titel der 45-min\u00fctigen Fernsehsendung, die das hr-fernsehen am Dienstag, 1. November, zur besten Sendezeit um 20.15 Uhr zeigt. Ausger\u00fcstet mit spannenden Fulda-Tipps begibt sich Moderatorin Selma \u00dcs\u00fck auf Entdeckungsreise und trifft ungew\u00f6hnliche Menschen, die die Stadt am Rande der Rh\u00f6n pr\u00e4gen und die ihre Heimat in einem ganz pers\u00f6nlichen Licht pr\u00e4sentieren: Eine alteingesessene Taxifahrerin etwa entf\u00fchrt die Moderatorin zu ihrem ganz pers\u00f6nlichen Highlight, einem wunderbaren Blick auf Fulda von der Lioba-Kirche aus. Von einer Gruppe junger Ministrantinnen und Ministranten l\u00e4sst sie sich den Dom erkl\u00e4ren und wird zum Bonifatiusgrab geschickt, sie unternimmt eine Fremdenf\u00fchrung mit Monika Herrchen und besucht Christian Strunz, den Inklusionsbeauftragten der Stadt Fulda, im \u201eAntonius Ladencaf\u00e9\u201c. Im Szenelokal \u201eHeimat\u201c genie\u00dft Selma \u00dcs\u00fck typische Rh\u00f6ner Gerichte neu interpretiert, au\u00dferdem trifft sie die Chefin des traditionsreichen Hotels \u201eGoldener Karpfen\u201c, Schwester Angela vom Kloster der Benediktinerinnen sowie im Schlosstheater den Komponisten und den Hauptdarsteller des \u00fcberregional erfolgreichen Musicals \u201eDer Medicus\u201c und f\u00e4hrt selbst als Lokf\u00fchrerin in den Fuldaer Bahnhof ein \u2013 im ICE-Simulator.<\/p>\n<p>Zuschauer konnten im Vorfeld der Sendung der Redaktion ihre Fulda-Tipps zukommen lassen, auf ihren Spuren l\u00e4sst sich Selma \u00dcs\u00fck vom leckeren Kaffee der R\u00f6sterei Reinholz verf\u00fchren, entdeckt ein St\u00fcck Stadtmauer mitten im Modegesch\u00e4ft Erna Schneider, schaut im Lifestyle-Store \u201eLieblings\u201c vorbei und genie\u00dft den zauberhaften Blick auf Fulda von Uli Fromms Dachterrasse \u2013 und der l\u00e4sst es sich nicht nehmen, bei dieser Gelegenheit mit seiner Band \u201eMambo Kingx\u201c gleich noch den Song \u201eHeimat\u201c zum Besten zu geben \u00e2\u20ac\u00a6<\/p>\n<p>Unter www.erlebnis.hessen.hr.de stehen alle Fulda-Tipps mit Ausstrahlung der Sendung online, dort lassen sich sogar noch weitere Tipps erg\u00e4nzen.<\/p>\n<p>Und vielleicht findet sich dort sogar ein ganz pers\u00f6nlicher Tipp von Moderatorin Selma \u00dcs\u00fck. Die war n\u00e4mlich sehr angetan von ihrem ersten Dreh in Fulda \u2013 drei Fragen an die Moderatorin:<\/p>\n<p>Frau \u00dcs\u00fck, wie w\u00fcrden Sie Fulda in drei S\u00e4tzen beschreiben?<\/p>\n<p>Selma \u00dcs\u00fck: Fulda ist eine sehr sch\u00f6ne Stadt, die inspiriert. Eine Stadt, in der man sehr viel erleben kann. Seit dem Dreh erz\u00e4hle ich \u00fcberall herum \u2013 wirklich \u00fcberall: beim Metzger, beim B\u00e4cker \u2013 wie cool und sehenswert Fulda ist.<\/p>\n<p>Was hat Ihnen w\u00e4hrend der Dreharbeiten am besten an Fulda gefallen, was war Ihr pers\u00f6nlicher \u201eAha-Effekt\u201c?<\/p>\n<p>Selma \u00dcs\u00fck: Es war sch\u00f6n zu sehen, wie heimatverbunden die Menschen dort sind. Vor allem die j\u00fcngere Generation ist ihrer Stadt sehr verbunden. Statt nach Berlin zu gehen, wie viele andere, bleiben einige junge Menschen ganz bewusst in Fulda und bauen sich in ihrer Heimatregion eine Existenz auf. Das hat mir sehr gefallen und hat mir sehr imponiert.<\/p>\n<p>Sie haben w\u00e4hrend des Drehs zahlreiche Fuldaer kennengelernt. Was zeichnet die Menschen dort aus?<\/p>\n<p>Selma \u00dcs\u00fck: Alle waren sehr offen und wahnsinnig freundlich. Ich habe mich wie zuhause dort gef\u00fchlt. Ich habe schnell gemerkt, dass die Fuldaer sehr stolz sind auf ihre Stadt. Und das k\u00f6nnen sie auch sein. Fulda ist modern, und es wohnen dort viele Menschen, die kreativ sind. Wenn man sich auf die Stadt einl\u00e4sst, dann sieht und sp\u00fcrt man das auch sehr schnell.<\/p>\n","protected":false},"excerpt":{"rendered":"<div class=\"tmnf_excerpt\"><p>Die touristischen Highlights von Fulda sind weit \u00fcber die Grenzen Hessens hinaus bekannt. Aber was macht die Stadt wirklich aus? Wo verstecken sich echte Geheimtipps? Welche Ecken gefallen den Fuldaern an ihrer Stadt am besten? Was muss man neben Dom, Frauenberg und Barockschloss unbedingt gesehen, wen in Fulda getroffen haben? Wo ist der sch\u00f6nste Blick &hellip;<\/p>\n<\/div>","protected":false},"author":1,"featured_media":0,"comment_status":"closed","ping_status":"closed","sticky":false,"template":"","format":"standard","meta":{"footnotes":""},"categories":[1],"tags":[],"class_list":["post-156565","post","type-post","status-publish","format-standard","hentry","category-startseite"],"_links":{"self":[{"href":"https:\/\/www.fuldaernachrichten.de\/index.php?rest_route=\/wp\/v2\/posts\/156565","targetHints":{"allow":["GET"]}}],"collection":[{"href":"https:\/\/www.fuldaernachrichten.de\/index.php?rest_route=\/wp\/v2\/posts"}],"about":[{"href":"https:\/\/www.fuldaernachrichten.de\/index.php?rest_route=\/wp\/v2\/types\/post"}],"author":[{"embeddable":true,"href":"https:\/\/www.fuldaernachrichten.de\/index.php?rest_route=\/wp\/v2\/users\/1"}],"replies":[{"embeddable":true,"href":"https:\/\/www.fuldaernachrichten.de\/index.php?rest_route=%2Fwp%2Fv2%2Fcomments&post=156565"}],"version-history":[{"count":1,"href":"https:\/\/www.fuldaernachrichten.de\/index.php?rest_route=\/wp\/v2\/posts\/156565\/revisions"}],"predecessor-version":[{"id":156569,"href":"https:\/\/www.fuldaernachrichten.de\/index.php?rest_route=\/wp\/v2\/posts\/156565\/revisions\/156569"}],"wp:attachment":[{"href":"https:\/\/www.fuldaernachrichten.de\/index.php?rest_route=%2Fwp%2Fv2%2Fmedia&parent=156565"}],"wp:term":[{"taxonomy":"category","embeddable":true,"href":"https:\/\/www.fuldaernachrichten.de\/index.php?rest_route=%2Fwp%2Fv2%2Fcategories&post=156565"},{"taxonomy":"post_tag","embeddable":true,"href":"https:\/\/www.fuldaernachrichten.de\/index.php?rest_route=%2Fwp%2Fv2%2Ftags&post=156565"}],"curies":[{"name":"wp","href":"https:\/\/api.w.org\/{rel}","templated":true}]}}