{"id":156553,"date":"2016-10-27T20:28:09","date_gmt":"2016-10-27T18:28:09","guid":{"rendered":"http:\/\/www.fuldaer-nachrichten.de\/?p=156553"},"modified":"2016-10-27T20:28:09","modified_gmt":"2016-10-27T18:28:09","slug":"fuldaer-pilgergruppe-auf-den-spuren-jesu","status":"publish","type":"post","link":"https:\/\/www.fuldaernachrichten.de\/?p=156553","title":{"rendered":"Fuldaer Pilgergruppe auf den Spuren Jesu"},"content":{"rendered":"<p><a href=\"http:\/\/www.fuldaer-nachrichten.de\/wp-content\/uploads\/2016\/10\/DSC_6001.jpg\"><img decoding=\"async\" class=\"alignleft size-thumbnail wp-image-156558\" src=\"http:\/\/www.fuldaer-nachrichten.de\/wp-content\/uploads\/2016\/10\/DSC_6001-265x176.jpg\" alt=\"dsc_6001\" width=\"265\" height=\"176\" srcset=\"https:\/\/www.fuldaernachrichten.de\/wp-content\/uploads\/2016\/10\/DSC_6001-265x176.jpg 265w, https:\/\/www.fuldaernachrichten.de\/wp-content\/uploads\/2016\/10\/DSC_6001-768x509.jpg 768w, https:\/\/www.fuldaernachrichten.de\/wp-content\/uploads\/2016\/10\/DSC_6001-600x398.jpg 600w, https:\/\/www.fuldaernachrichten.de\/wp-content\/uploads\/2016\/10\/DSC_6001.jpg 900w\" sizes=\"(max-width: 265px) 100vw, 265px\" \/><\/a>Eine Chorreise auf den Spuren Jesu durch das Heiligen Land f\u00fchrte das Bisch\u00f6fliche Kirchenmusikinstitut im Bistum Fulda in Zusammenarbeit mit dem Bayerischen Pilgerb\u00fcro, M\u00fcnchen durch. Die Reise hatte zum Ziel, heilige Orte kennen zu lernen und durch t\u00e4glichen Gottesdienste mit Liedern aus dem Gotteslob als auch Chors\u00e4tze die Reise zu einem besonders intensiven geistlichen Erlebnis werden zu lassen. Die musikalische und geistliche Leitung hatten Edith Harmsen, Di\u00f6zesanmusikreferentin und Prof. Dr. Christoph Gregor M\u00fcller, Rektor der Theologischen Fakult\u00e4t Fulda. Sie wurden unterst\u00fctzt von den Regionalkantoren Christopher L\u00f6bens, Dekanat H\u00fcnfeld \u2013 Geisa, Armin Press, Dekanat Hanau sowie Thomas N\u00fcdling, Tann.<\/p>\n<p>Im Vorfeld der Reise war ein vierstimmiger gemischter Chor zusammengestellt worden, der das Liedgut in drei ganzt\u00e4gigen Proben im Kirchenmusikinstitut Fulda ein\u00fcbte. Dabei bildeten Kyrie, Sanctus, Hosanna und Agnus Dei aus der Fuldaer Messe von Gunther Martin G\u00f6ttsche, zurzeit Jerusalem, den Schwerpunkt. Im Sonntagsgottesdienst in der von dem Fuldaer Benediktinerpater Claudius Schnabel geleiteten Dormitio \u2013 Abtei wurden diese Chors\u00e4tze in Anwesenheit des Komponisten in der voll besetzten Kirche zu Geh\u00f6r gebracht. Die Gottesdienstbesucher waren von der Qualit\u00e4t des Vortrags ebenso \u00fcberrascht wie Gunther Martin G\u00f6ttsche mit seiner Familie. Begonnen hatte die Pilgerreise nach dem Flug nach Tel Aviv \u2013 Jaffa Ben Gurion mit der Besichtigung von Jerusalem, einem Gottesdienst in Dominus flevit, dem Kreuzweg auf der Via Dolorosa und dem Besuch der Grabeskirche. Alle Gottesdienste waren durch Textauswahl sowie Lieder und Chors\u00e4tze in den thematischen Bezug zu den jeweiligen Zelebrationsorten gesetzt worden. Die dazu passenden Predigten von Prof. Dr. Christoph Gregor M\u00fcller, Fulda und Diakon Reimund Franz, Riegelsberg verhalfen zu einem noch tieferen Verst\u00e4ndnis des Alten Testaments und dem Leben Jesu. Mit Gidi Yairi war ein Reiseleiter gewonnen worden, der nicht nur eine herausragende Kenntnis der Geschichte Israels besitzt, sondern auch eine Verkn\u00fcpfung mit dem Alten und Neuen Testament bot. Dadurch wurden die Klagemauer, der \u00d6lberg, Masada, Qumran und das Tote Meer ebenso wie die Jordanquelle Banjas, die Stelle der Jesustaufe am Jordan als auch der Berg Tabor und der See Gennesareth mit dem Berg der Seligpreisungen, Kafarnaum und Nazareth zu einem bleibenden Erlebnis. In Tabgha wurden die Pilgergruppe nach dem Gottesdienst von Pater Jonas Trageser, der aus dem Freigericht stammt, begr\u00fc\u00dft. Beeindruckend und gleichzeitig deprimierend war Bethlehem. Der Geburtsort Jesu ist als pal\u00e4stinensisches Gebiet durch eine neun Meter hohe Mauer, die durch Stacheldraht gekr\u00f6nt wird von Jerusalem getrennt und kann nur durch besonders kontrollierte Zug\u00e4nge betreten werden. Die in Deutschland aufgewachsene pal\u00e4stinensische Christin Faten Mukarker f\u00fchrte uns durch die Geburtskirche und \u00fcber die Hirtenfelder und berichtete beim Abendessen in ihrem Haus \u00fcber das Leben der Christen in Bethlehem, die durch Abwanderung immer geringer werdenden und die Situation der Pal\u00e4stinenser in der Westbank und im Gazastreifen. Abschluss einer erlebnisreichen und glaubensvertiefenden Fahrt bildete der Gottesdienst in Abu Gosh, einem der Emmausorte, wo zum wiederholten Mal das \u201eShalom aleichem\u201c erklang.<\/p>\n","protected":false},"excerpt":{"rendered":"<div class=\"tmnf_excerpt\"><p>Eine Chorreise auf den Spuren Jesu durch das Heiligen Land f\u00fchrte das Bisch\u00f6fliche Kirchenmusikinstitut im Bistum Fulda in Zusammenarbeit mit dem Bayerischen Pilgerb\u00fcro, M\u00fcnchen durch. Die Reise hatte zum Ziel, heilige Orte kennen zu lernen und durch t\u00e4glichen Gottesdienste mit Liedern aus dem Gotteslob als auch Chors\u00e4tze die Reise zu einem besonders intensiven geistlichen Erlebnis &hellip;<\/p>\n<\/div>","protected":false},"author":1,"featured_media":156557,"comment_status":"closed","ping_status":"closed","sticky":false,"template":"","format":"standard","meta":{"footnotes":""},"categories":[1],"tags":[],"class_list":["post-156553","post","type-post","status-publish","format-standard","has-post-thumbnail","hentry","category-startseite"],"_links":{"self":[{"href":"https:\/\/www.fuldaernachrichten.de\/index.php?rest_route=\/wp\/v2\/posts\/156553","targetHints":{"allow":["GET"]}}],"collection":[{"href":"https:\/\/www.fuldaernachrichten.de\/index.php?rest_route=\/wp\/v2\/posts"}],"about":[{"href":"https:\/\/www.fuldaernachrichten.de\/index.php?rest_route=\/wp\/v2\/types\/post"}],"author":[{"embeddable":true,"href":"https:\/\/www.fuldaernachrichten.de\/index.php?rest_route=\/wp\/v2\/users\/1"}],"replies":[{"embeddable":true,"href":"https:\/\/www.fuldaernachrichten.de\/index.php?rest_route=%2Fwp%2Fv2%2Fcomments&post=156553"}],"version-history":[{"count":1,"href":"https:\/\/www.fuldaernachrichten.de\/index.php?rest_route=\/wp\/v2\/posts\/156553\/revisions"}],"predecessor-version":[{"id":156559,"href":"https:\/\/www.fuldaernachrichten.de\/index.php?rest_route=\/wp\/v2\/posts\/156553\/revisions\/156559"}],"wp:featuredmedia":[{"embeddable":true,"href":"https:\/\/www.fuldaernachrichten.de\/index.php?rest_route=\/wp\/v2\/media\/156557"}],"wp:attachment":[{"href":"https:\/\/www.fuldaernachrichten.de\/index.php?rest_route=%2Fwp%2Fv2%2Fmedia&parent=156553"}],"wp:term":[{"taxonomy":"category","embeddable":true,"href":"https:\/\/www.fuldaernachrichten.de\/index.php?rest_route=%2Fwp%2Fv2%2Fcategories&post=156553"},{"taxonomy":"post_tag","embeddable":true,"href":"https:\/\/www.fuldaernachrichten.de\/index.php?rest_route=%2Fwp%2Fv2%2Ftags&post=156553"}],"curies":[{"name":"wp","href":"https:\/\/api.w.org\/{rel}","templated":true}]}}