{"id":156537,"date":"2016-10-27T20:18:41","date_gmt":"2016-10-27T18:18:41","guid":{"rendered":"http:\/\/www.fuldaer-nachrichten.de\/?p=156537"},"modified":"2016-10-27T20:18:41","modified_gmt":"2016-10-27T18:18:41","slug":"gesundheitsecke-was-mandelentzuendung-und-brustschmerz-gemeinsam-haben","status":"publish","type":"post","link":"https:\/\/www.fuldaernachrichten.de\/?p=156537","title":{"rendered":"Gesundheitsecke: Was Mandelentz\u00fcndung und Brustschmerz gemeinsam haben"},"content":{"rendered":"<p>Angina ist ein lateinisches Wort und bedeutet Enge oder Beklemmung. In Deutschland wird dieser Begriff f\u00fcr verschiedene Beschwerdebilder oder Krankheiten verwendet, bei denen es um ein Engegef\u00fchl geht.<\/p>\n<p>Zu den bekanntesten geh\u00f6ren Angina tonsillaris (Mandelentz\u00fcndung) und Angina pectoris (Schmerz in der Brust bei Durchblutungsst\u00f6rungen des Herzens). Spricht man von einer Seitenstrangangina, ist eine Entz\u00fcndung der Lymphgef\u00e4\u00dfe im Rachen gemeint; Angina abdominalis ist eine schmerzhafte Durchblutungsst\u00f6rung im Darm. Wichtig zu wissen: In anderen L\u00e4ndern wird mit der Abk\u00fcrzung \u201eAngina\u201c typischerweise Angina pectoris, also der Schmerz in der Herzgegend, gemeint \u2013 wer mit Halsschmerzen zum Arzt geht, sollte daher auch besser von Halsschmerzen anstatt einer Angina sprechen!<\/p>\n<p>Akute Mandelentz\u00fcndung<br \/>\nMit Mandeln (med. \u201eTonsillen\u201c) beschreibt man ein Organsystem im Gaumen-\/Rachenbereich, das eine wichtige Funktion im k\u00f6rpereigenen Abwehrsystem hat. Dort werden unter anderem Krankheitserreger erkannt und Informationen an das Immunsystem weitergegeben, um eine Abwehrreaktion einzuleiten. Manchmal reicht die k\u00f6rpereigene Immunabwehr nicht aus und die Krankheitserreger nehmen \u00fcberhand \u2013 dann kann es zu einer Mandelentz\u00fcndung kommen.<\/p>\n<p>Symptome und Diagnose<br \/>\nHalsschmerzen und Schluckbeschwerden sind typisch f\u00fcr Mandelentz\u00fcndungen. Dar\u00fcber hinaus k\u00f6nnen Fieber, Kopfschmerzen und allgemeine Abgeschlagenheit auftreten. Der Arzt diagnostiziert eine Angina tonsillaris \u00fcber die Symptome, einen Blick in den Rachen und das Abtasten des Halsbereichs. Mandelentz\u00fcndungen k\u00f6nnen sowohl von Viren als auch von Bakterien ausgel\u00f6st werden. Da nur bei letzteren eine Behandlung durch Antibiotika sinnvoll ist, sollte unbedingt \u00e4rztliche Meinung eingeholt werden.<\/p>\n<p>Therapie<br \/>\nEine operative Entfernung ist nur bei besonders h\u00e4ufigem Auftreten von Mandelentz\u00fcndungen ratsam und sollte mit einem Hals-Nasen-Ohrenarzt abgekl\u00e4rt werden. Generell helfen Gurgeln mit Kr\u00e4utertees (z.B. Salbei), Halswickel, schmerzstillende Lutschtabletten aus der Apotheke und Ruhe. Auf Sport oder k\u00f6rperliche Anstrengung sollte man zun\u00e4chst verzichteten.<\/p>\n","protected":false},"excerpt":{"rendered":"<div class=\"tmnf_excerpt\"><p>Angina ist ein lateinisches Wort und bedeutet Enge oder Beklemmung. In Deutschland wird dieser Begriff f\u00fcr verschiedene Beschwerdebilder oder Krankheiten verwendet, bei denen es um ein Engegef\u00fchl geht. Zu den bekanntesten geh\u00f6ren Angina tonsillaris (Mandelentz\u00fcndung) und Angina pectoris (Schmerz in der Brust bei Durchblutungsst\u00f6rungen des Herzens). Spricht man von einer Seitenstrangangina, ist eine Entz\u00fcndung der &hellip;<\/p>\n<\/div>","protected":false},"author":1,"featured_media":0,"comment_status":"closed","ping_status":"closed","sticky":false,"template":"","format":"standard","meta":{"footnotes":""},"categories":[1],"tags":[],"class_list":["post-156537","post","type-post","status-publish","format-standard","hentry","category-startseite"],"_links":{"self":[{"href":"https:\/\/www.fuldaernachrichten.de\/index.php?rest_route=\/wp\/v2\/posts\/156537","targetHints":{"allow":["GET"]}}],"collection":[{"href":"https:\/\/www.fuldaernachrichten.de\/index.php?rest_route=\/wp\/v2\/posts"}],"about":[{"href":"https:\/\/www.fuldaernachrichten.de\/index.php?rest_route=\/wp\/v2\/types\/post"}],"author":[{"embeddable":true,"href":"https:\/\/www.fuldaernachrichten.de\/index.php?rest_route=\/wp\/v2\/users\/1"}],"replies":[{"embeddable":true,"href":"https:\/\/www.fuldaernachrichten.de\/index.php?rest_route=%2Fwp%2Fv2%2Fcomments&post=156537"}],"version-history":[{"count":1,"href":"https:\/\/www.fuldaernachrichten.de\/index.php?rest_route=\/wp\/v2\/posts\/156537\/revisions"}],"predecessor-version":[{"id":156543,"href":"https:\/\/www.fuldaernachrichten.de\/index.php?rest_route=\/wp\/v2\/posts\/156537\/revisions\/156543"}],"wp:attachment":[{"href":"https:\/\/www.fuldaernachrichten.de\/index.php?rest_route=%2Fwp%2Fv2%2Fmedia&parent=156537"}],"wp:term":[{"taxonomy":"category","embeddable":true,"href":"https:\/\/www.fuldaernachrichten.de\/index.php?rest_route=%2Fwp%2Fv2%2Fcategories&post=156537"},{"taxonomy":"post_tag","embeddable":true,"href":"https:\/\/www.fuldaernachrichten.de\/index.php?rest_route=%2Fwp%2Fv2%2Ftags&post=156537"}],"curies":[{"name":"wp","href":"https:\/\/api.w.org\/{rel}","templated":true}]}}