{"id":156526,"date":"2016-10-27T20:15:16","date_gmt":"2016-10-27T18:15:16","guid":{"rendered":"http:\/\/www.fuldaer-nachrichten.de\/?p=156526"},"modified":"2016-10-27T20:15:17","modified_gmt":"2016-10-27T18:15:17","slug":"telefonaktion-des-klinikums-fulda-im-rahmen-der-bundesweiten-herzwoche-herz-unter-stress","status":"publish","type":"post","link":"https:\/\/www.fuldaernachrichten.de\/?p=156526","title":{"rendered":"Telefonaktion des Klinikums Fulda im Rahmen der  bundesweiten Herzwoche:  \u201cHerz unter Stress\u201c"},"content":{"rendered":"<p>Gemeinsam mit niedergelassenen \u00c4rzten\u00c2\u00a0 veranstaltet das Klinikum Fulda am 16.11.2016, von 16.00 bis 18.00 Uhr eine Telefonaktion. Anl\u00e4sslich der bundesweiten Herzwoche der Deutschen Herzstiftung beantworten die Experten Fragen \u201c unter der Telefon-Nummer (0661) 84-6788 rund um das Thema \u201eHerz unter Stress<\/p>\n<p>Bei der bundesweiten Kampagne stehen dabei die Risikofaktoren: Bluthochdruck, Diabetes mellitus und Fettstoffwechselst\u00f6rungen im Mittelpunkt der Aufkl\u00e4rung. Sie z\u00e4hlen zu den wichtigsten, beeinflussbaren Risikofaktoren f\u00fcr Herz-Kreislauf-Erkrankungen und werden viel zu h\u00e4ufig untersch\u00e4tzt. \u201eHerz unter Stress\u201c lautet das diesj\u00e4hrige Motto der Herzwochen.<\/p>\n<p>Die Experten des Klinikums Fulda und niedergelassener Praxen beantworten gerne ihre Fragen:\u00c2\u00a0 Prof. Dr. Volker Sch\u00e4chinger (Direktor der Medizinischen Klinik I, Kardiologie im Herz-Thorax-Zentrum), Priv.-Doz. Dr. Hilmar D\u00f6rge\u00c2\u00a0 (Direktor der Klinik f\u00fcr Herz- und Thoraxchirurgie im Herz-Thorax-Zentrum), Dr. Wilhelm-Ludwig Wagner, (niedergelassener Kardiologe, Fulda) und Michael Conze (niedergelassener Kardiologe, Fulda) sind unter der Telefonnummer (0661) 84-6788 erreichbar.<\/p>\n<p>Ziel der bundesweiten Aufkl\u00e4rungskampagne ist es, die breite \u00d6ffentlichkeit f\u00fcr die Ursachen und Gefahren von Herzkrankheiten sowie f\u00fcr die Bedeutung der Vorbeugung, Erkennung und Behandlung des Herzinfarktes zu sensibilisieren.<\/p>\n","protected":false},"excerpt":{"rendered":"<div class=\"tmnf_excerpt\"><p>Gemeinsam mit niedergelassenen \u00c4rzten\u00c2\u00a0 veranstaltet das Klinikum Fulda am 16.11.2016, von 16.00 bis 18.00 Uhr eine Telefonaktion. Anl\u00e4sslich der bundesweiten Herzwoche der Deutschen Herzstiftung beantworten die Experten Fragen \u201c unter der Telefon-Nummer (0661) 84-6788 rund um das Thema \u201eHerz unter Stress Bei der bundesweiten Kampagne stehen dabei die Risikofaktoren: Bluthochdruck, Diabetes mellitus und Fettstoffwechselst\u00f6rungen im &hellip;<\/p>\n<\/div>","protected":false},"author":1,"featured_media":0,"comment_status":"closed","ping_status":"closed","sticky":false,"template":"","format":"standard","meta":{"footnotes":""},"categories":[1],"tags":[],"class_list":["post-156526","post","type-post","status-publish","format-standard","hentry","category-startseite"],"_links":{"self":[{"href":"https:\/\/www.fuldaernachrichten.de\/index.php?rest_route=\/wp\/v2\/posts\/156526","targetHints":{"allow":["GET"]}}],"collection":[{"href":"https:\/\/www.fuldaernachrichten.de\/index.php?rest_route=\/wp\/v2\/posts"}],"about":[{"href":"https:\/\/www.fuldaernachrichten.de\/index.php?rest_route=\/wp\/v2\/types\/post"}],"author":[{"embeddable":true,"href":"https:\/\/www.fuldaernachrichten.de\/index.php?rest_route=\/wp\/v2\/users\/1"}],"replies":[{"embeddable":true,"href":"https:\/\/www.fuldaernachrichten.de\/index.php?rest_route=%2Fwp%2Fv2%2Fcomments&post=156526"}],"version-history":[{"count":1,"href":"https:\/\/www.fuldaernachrichten.de\/index.php?rest_route=\/wp\/v2\/posts\/156526\/revisions"}],"predecessor-version":[{"id":156532,"href":"https:\/\/www.fuldaernachrichten.de\/index.php?rest_route=\/wp\/v2\/posts\/156526\/revisions\/156532"}],"wp:attachment":[{"href":"https:\/\/www.fuldaernachrichten.de\/index.php?rest_route=%2Fwp%2Fv2%2Fmedia&parent=156526"}],"wp:term":[{"taxonomy":"category","embeddable":true,"href":"https:\/\/www.fuldaernachrichten.de\/index.php?rest_route=%2Fwp%2Fv2%2Fcategories&post=156526"},{"taxonomy":"post_tag","embeddable":true,"href":"https:\/\/www.fuldaernachrichten.de\/index.php?rest_route=%2Fwp%2Fv2%2Ftags&post=156526"}],"curies":[{"name":"wp","href":"https:\/\/api.w.org\/{rel}","templated":true}]}}