{"id":156525,"date":"2016-10-27T20:15:06","date_gmt":"2016-10-27T18:15:06","guid":{"rendered":"http:\/\/www.fuldaer-nachrichten.de\/?p=156525"},"modified":"2016-10-27T20:15:06","modified_gmt":"2016-10-27T18:15:06","slug":"spiel-und-spass-in-der-rhoen","status":"publish","type":"post","link":"https:\/\/www.fuldaernachrichten.de\/?p=156525","title":{"rendered":"Spiel und Spa\u00df in der Rh\u00f6n"},"content":{"rendered":"<p>Eine Woche vor Ferienbeginn fand von Freitag bis Sonntag das Herbstwochenende der KLJB im Ludwig-Wolker-Haus in Kleinsassen statt. Zwanzig Kinder zwischen acht und vierzehn Jahren genossen die drei Tage voller Spiel und Spa\u00df. Dank des guten Wetters stand auch einer Nachtwanderung mit Fackeln und Wunderkerzen in der Rh\u00f6n nichts im Wege. Tags\u00fcber konnten sich die Kinder dann bei Bastelaktionen und Spielen kreativ austoben. Auch im n\u00e4chsten Jahr veranstaltet die Katholische Landjugendbewegung wieder Ferienfreizeiten, Gruppenleiterschulungen und Wochenenden. Weiter Infos unter: www.kljb-fulda.de oder auf Facebook unter www.facebook.com\/KLJBFD<\/p>\n","protected":false},"excerpt":{"rendered":"<div class=\"tmnf_excerpt\"><p>Eine Woche vor Ferienbeginn fand von Freitag bis Sonntag das Herbstwochenende der KLJB im Ludwig-Wolker-Haus in Kleinsassen statt. Zwanzig Kinder zwischen acht und vierzehn Jahren genossen die drei Tage voller Spiel und Spa\u00df. Dank des guten Wetters stand auch einer Nachtwanderung mit Fackeln und Wunderkerzen in der Rh\u00f6n nichts im Wege. Tags\u00fcber konnten sich die &hellip;<\/p>\n<\/div>","protected":false},"author":1,"featured_media":156530,"comment_status":"closed","ping_status":"closed","sticky":false,"template":"","format":"standard","meta":{"footnotes":""},"categories":[1],"tags":[],"class_list":["post-156525","post","type-post","status-publish","format-standard","has-post-thumbnail","hentry","category-startseite"],"_links":{"self":[{"href":"https:\/\/www.fuldaernachrichten.de\/index.php?rest_route=\/wp\/v2\/posts\/156525","targetHints":{"allow":["GET"]}}],"collection":[{"href":"https:\/\/www.fuldaernachrichten.de\/index.php?rest_route=\/wp\/v2\/posts"}],"about":[{"href":"https:\/\/www.fuldaernachrichten.de\/index.php?rest_route=\/wp\/v2\/types\/post"}],"author":[{"embeddable":true,"href":"https:\/\/www.fuldaernachrichten.de\/index.php?rest_route=\/wp\/v2\/users\/1"}],"replies":[{"embeddable":true,"href":"https:\/\/www.fuldaernachrichten.de\/index.php?rest_route=%2Fwp%2Fv2%2Fcomments&post=156525"}],"version-history":[{"count":1,"href":"https:\/\/www.fuldaernachrichten.de\/index.php?rest_route=\/wp\/v2\/posts\/156525\/revisions"}],"predecessor-version":[{"id":156531,"href":"https:\/\/www.fuldaernachrichten.de\/index.php?rest_route=\/wp\/v2\/posts\/156525\/revisions\/156531"}],"wp:featuredmedia":[{"embeddable":true,"href":"https:\/\/www.fuldaernachrichten.de\/index.php?rest_route=\/wp\/v2\/media\/156530"}],"wp:attachment":[{"href":"https:\/\/www.fuldaernachrichten.de\/index.php?rest_route=%2Fwp%2Fv2%2Fmedia&parent=156525"}],"wp:term":[{"taxonomy":"category","embeddable":true,"href":"https:\/\/www.fuldaernachrichten.de\/index.php?rest_route=%2Fwp%2Fv2%2Fcategories&post=156525"},{"taxonomy":"post_tag","embeddable":true,"href":"https:\/\/www.fuldaernachrichten.de\/index.php?rest_route=%2Fwp%2Fv2%2Ftags&post=156525"}],"curies":[{"name":"wp","href":"https:\/\/api.w.org\/{rel}","templated":true}]}}