{"id":156518,"date":"2016-10-27T20:13:29","date_gmt":"2016-10-27T18:13:29","guid":{"rendered":"http:\/\/www.fuldaer-nachrichten.de\/?p=156518"},"modified":"2016-10-27T20:13:29","modified_gmt":"2016-10-27T18:13:29","slug":"2-wd-vizemeister-im-premiere-jahr","status":"publish","type":"post","link":"https:\/\/www.fuldaernachrichten.de\/?p=156518","title":{"rendered":"2 WD Vizemeister  im Premiere Jahr"},"content":{"rendered":"<p>Am vergangenen Wochenende fand im Raum Bad F\u00fcssing der Finallauf zur deutschen Rallyemeisterschaft \u2013 die 3. St\u00e4dte Rallye \u2013 statt. Mit von der Partie bei diesem \u201ebayrischen Heimspiel\u201c auch das deutsch \/ \u00f6sterreichische Duo Gassner jr. \/ Mayrhofer.<\/p>\n<p>Schwierige, st\u00e4ndig wechselnde Bedingungen bei der Besichtigung der 120 Wertungspr\u00fcfungskilometer machten die zu treffenden Set Up und Reifenentscheidungen schwierig.\u00c2\u00a0 Zum Auftakt am Freitagabend setzte das Team auf Sicherheit, lie\u00df Reifen f\u00fcr die schmierigen Bedingungen aufziehen und Zusatzscheinwerfer am GT 86 montieren.<\/p>\n<p>Leider war bereits nach 5km der erste Tag beendet. \u201eIn der Pr\u00fcfung hatten wir pl\u00f6tzlich keinen Vortrieb mehr und mussten stoppen. Eine Antriebswelle war gebrochen. Nat\u00fcrlich starten wir morgen wieder, unsere Mechaniker reparieren mit Hochdruck, denn speziell hier zu Hause in Bayern m\u00f6chten wir unseren Fans nochmals zeigen was wir drauf haben\u201c, teilte Hermann Gassner Jr. seine Fans im abendlichen Service mit.<br \/>\nAm Samstagmorgen wurde dann dank Rallye2 Reglement wie angek\u00fcndigt erneut gestartet. Mit spektakul\u00e4re Drifts und fahrerische Top-Performance erfreute das Team Gassner\/ Mayrhofer die Fans an der Strecke. Mit 6 von 7 m\u00f6glichen Bestzeiten und dem Gewinn der Powerstage an diesem zweiten Veranstaltungstag brannte man seine Spuren in den Asphalt und stellte unter Beweis, dass sich der Re-Start gelohnt hat.<br \/>\nHermann berichtet im Ziel: \u201eEs war wirklich hart. Die Chance den Meistertitel noch zu holen war leider mit dem gestrigen Problem erledigt, doch umso mehr freut es mich, dass wir den 2WD Vizemeistertitel mit nach Hause nehmen k\u00f6nnen. Anfang dieser Saison h\u00e4tten wir nicht gewagt daran zu denken, dass wir um den Meistertitel mitk\u00e4mpfen k\u00f6nnen. Wir haben uns von Einsatz zu Einsatz stetig gesteigert, haben unseren\u00c2\u00a0 Toyota GT86\u00c2\u00a0 sukzessive weiterentwickelt und das Set Up meiner Fahrweise angepasst. Dadurch konnten wir einige L\u00e4ufe in der 2WD Wertung gewinnen. Das ist f\u00fcr mich ein sch\u00f6ner Erfolg.\u201c<\/p>\n<p>Mayrhofer erg\u00e4nzt: \u201eHermann hat im Zuge dieser Hecktrieb-Saison seinen Erfahrungsschatz enorm vergr\u00f6\u00dfern k\u00f6nnen, hat sich toll auf das schwierige Handling eingestellt und kann von dem erweiterten \u201eknow how\u201c f\u00fcr die Zukunft bestimmt profitieren. Ich ziehe den Hut vor seiner fahrerischen Leistung und genie\u00dfe es sehr Teil dieses Teams zu sein. Teamgeist wird hier wirklich noch gelebt!\u201c<\/p>\n<p>Freudestrahlend ist man sich einig: \u201eGro\u00dfer Dank an alle unsere Sponsoren, Partner, helfenden H\u00e4nde, Fans und nat\u00fcrlich nicht zu vergessen unsere tatkr\u00e4ftigen und unersch\u00f6pflichen Mechaniker. Ohne diese au\u00dfergew\u00f6hnliche Unterst\u00fctzung w\u00e4re ein Projekt wie dieses zur Umsetzung nicht m\u00f6glich gewesen.<\/p>\n<p>Endstand DRM-2WD-Wertung 2016<br \/>\n1. Knof \/ Stein\u00c2\u00a0\u00c2\u00a0 \u00c2\u00a0\u00c2\u00a0\u00c2\u00a0 \u00c2\u00a0\u00c2\u00a0\u00c2\u00a0 \u00c2\u00a0\u00c2\u00a0\u00c2\u00a0 \u00c2\u00a0Citroen DS3 R3T\u00c2\u00a0\u00c2\u00a0 \u00c2\u00a0\u00c2\u00a0\u00c2\u00a0 \u00c2\u00a0146 Punkte<br \/>\n2. Gassner jr. \/ Mayrhofer\u00c2\u00a0\u00c2\u00a0 \u00c2\u00a0\u00c2\u00a0\u00c2\u00a0 \u00c2\u00a0Toyota GT86 CS-R3\u00c2\u00a0\u00c2\u00a0 \u00c2\u00a0\u00c2\u00a0\u00c2\u00a0 \u00c2\u00a0123 Punkte<br \/>\n3. Schulz \/ Lerch\u00c2\u00a0\u00c2\u00a0 \u00c2\u00a0\u00c2\u00a0\u00c2\u00a0 \u00c2\u00a0\u00c2\u00a0\u00c2\u00a0 \u00c2\u00a0Citroen DS3 R3T\u00c2\u00a0\u00c2\u00a0 \u00c2\u00a0\u00c2\u00a0\u00c2\u00a0 \u00c2\u00a091 Punkte<br \/>\n4. Mohe \/ Hirsch\u00c2\u00a0\u00c2\u00a0 \u00c2\u00a0\u00c2\u00a0\u00c2\u00a0 \u00c2\u00a0\u00c2\u00a0\u00c2\u00a0 \u00c2\u00a0Renault Clio R3T\u00c2\u00a0\u00c2\u00a0 \u00c2\u00a0\u00c2\u00a0\u00c2\u00a0 \u00c2\u00a083 Punkte<br \/>\n5. Keil \/ Hosse\u00c2\u00a0\u00c2\u00a0 \u00c2\u00a0\u00c2\u00a0\u00c2\u00a0 \u00c2\u00a0\u00c2\u00a0\u00c2\u00a0 \u00c2\u00a0\u00c2\u00a0\u00c2\u00a0 \u00c2\u00a0Skoda Fabia R2\u00c2\u00a0\u00c2\u00a0 \u00c2\u00a0\u00c2\u00a0\u00c2\u00a0 \u00c2\u00a0\u00c2\u00a0\u00c2\u00a0 \u00c2\u00a046 Punkte<\/p>\n","protected":false},"excerpt":{"rendered":"<div class=\"tmnf_excerpt\"><p>Am vergangenen Wochenende fand im Raum Bad F\u00fcssing der Finallauf zur deutschen Rallyemeisterschaft \u2013 die 3. St\u00e4dte Rallye \u2013 statt. Mit von der Partie bei diesem \u201ebayrischen Heimspiel\u201c auch das deutsch \/ \u00f6sterreichische Duo Gassner jr. \/ Mayrhofer. Schwierige, st\u00e4ndig wechselnde Bedingungen bei der Besichtigung der 120 Wertungspr\u00fcfungskilometer machten die zu treffenden Set Up und &hellip;<\/p>\n<\/div>","protected":false},"author":1,"featured_media":156522,"comment_status":"closed","ping_status":"closed","sticky":false,"template":"","format":"standard","meta":{"footnotes":""},"categories":[1],"tags":[],"class_list":["post-156518","post","type-post","status-publish","format-standard","has-post-thumbnail","hentry","category-startseite"],"_links":{"self":[{"href":"https:\/\/www.fuldaernachrichten.de\/index.php?rest_route=\/wp\/v2\/posts\/156518","targetHints":{"allow":["GET"]}}],"collection":[{"href":"https:\/\/www.fuldaernachrichten.de\/index.php?rest_route=\/wp\/v2\/posts"}],"about":[{"href":"https:\/\/www.fuldaernachrichten.de\/index.php?rest_route=\/wp\/v2\/types\/post"}],"author":[{"embeddable":true,"href":"https:\/\/www.fuldaernachrichten.de\/index.php?rest_route=\/wp\/v2\/users\/1"}],"replies":[{"embeddable":true,"href":"https:\/\/www.fuldaernachrichten.de\/index.php?rest_route=%2Fwp%2Fv2%2Fcomments&post=156518"}],"version-history":[{"count":1,"href":"https:\/\/www.fuldaernachrichten.de\/index.php?rest_route=\/wp\/v2\/posts\/156518\/revisions"}],"predecessor-version":[{"id":156523,"href":"https:\/\/www.fuldaernachrichten.de\/index.php?rest_route=\/wp\/v2\/posts\/156518\/revisions\/156523"}],"wp:featuredmedia":[{"embeddable":true,"href":"https:\/\/www.fuldaernachrichten.de\/index.php?rest_route=\/wp\/v2\/media\/156522"}],"wp:attachment":[{"href":"https:\/\/www.fuldaernachrichten.de\/index.php?rest_route=%2Fwp%2Fv2%2Fmedia&parent=156518"}],"wp:term":[{"taxonomy":"category","embeddable":true,"href":"https:\/\/www.fuldaernachrichten.de\/index.php?rest_route=%2Fwp%2Fv2%2Fcategories&post=156518"},{"taxonomy":"post_tag","embeddable":true,"href":"https:\/\/www.fuldaernachrichten.de\/index.php?rest_route=%2Fwp%2Fv2%2Ftags&post=156518"}],"curies":[{"name":"wp","href":"https:\/\/api.w.org\/{rel}","templated":true}]}}