{"id":156516,"date":"2016-10-27T20:12:46","date_gmt":"2016-10-27T18:12:46","guid":{"rendered":"http:\/\/www.fuldaer-nachrichten.de\/?p=156516"},"modified":"2016-10-27T20:12:46","modified_gmt":"2016-10-27T18:12:46","slug":"in-sechs-schritten-zum-energiesparhaus","status":"publish","type":"post","link":"https:\/\/www.fuldaernachrichten.de\/?p=156516","title":{"rendered":"In sechs Schritten zum Energiesparhaus"},"content":{"rendered":"<p>Der Energieberater und Bautechniker Uwe Nenzel erl\u00e4utert am Mittwoch, den 2.11.2016 um 19.00 Uhr die sechs zentralen Schritte, um aus einem Kaltbau ein Warmhaus mit Wohlf\u00fchlfaktor zu schaffen. Die Veranstaltung, die im Rahmen der Energiesparwochen und der Hessischen Energiesparaktion durchgef\u00fchrt wird, findet im Vortragsraum des Biosph\u00e4renreservats im Groenhoff-Haus, Wasserkuppe 8 auf der Wasserkuppe statt. Eine rege Diskussion mit dem Referenten ist erw\u00fcnscht. Die Vortragsveranstaltung ist kostenfrei.<\/p>\n","protected":false},"excerpt":{"rendered":"<div class=\"tmnf_excerpt\"><p>Der Energieberater und Bautechniker Uwe Nenzel erl\u00e4utert am Mittwoch, den 2.11.2016 um 19.00 Uhr die sechs zentralen Schritte, um aus einem Kaltbau ein Warmhaus mit Wohlf\u00fchlfaktor zu schaffen. Die Veranstaltung, die im Rahmen der Energiesparwochen und der Hessischen Energiesparaktion durchgef\u00fchrt wird, findet im Vortragsraum des Biosph\u00e4renreservats im Groenhoff-Haus, Wasserkuppe 8 auf der Wasserkuppe statt. Eine &hellip;<\/p>\n<\/div>","protected":false},"author":1,"featured_media":0,"comment_status":"closed","ping_status":"closed","sticky":false,"template":"","format":"standard","meta":{"footnotes":""},"categories":[1],"tags":[],"class_list":["post-156516","post","type-post","status-publish","format-standard","hentry","category-startseite"],"_links":{"self":[{"href":"https:\/\/www.fuldaernachrichten.de\/index.php?rest_route=\/wp\/v2\/posts\/156516","targetHints":{"allow":["GET"]}}],"collection":[{"href":"https:\/\/www.fuldaernachrichten.de\/index.php?rest_route=\/wp\/v2\/posts"}],"about":[{"href":"https:\/\/www.fuldaernachrichten.de\/index.php?rest_route=\/wp\/v2\/types\/post"}],"author":[{"embeddable":true,"href":"https:\/\/www.fuldaernachrichten.de\/index.php?rest_route=\/wp\/v2\/users\/1"}],"replies":[{"embeddable":true,"href":"https:\/\/www.fuldaernachrichten.de\/index.php?rest_route=%2Fwp%2Fv2%2Fcomments&post=156516"}],"version-history":[{"count":1,"href":"https:\/\/www.fuldaernachrichten.de\/index.php?rest_route=\/wp\/v2\/posts\/156516\/revisions"}],"predecessor-version":[{"id":156521,"href":"https:\/\/www.fuldaernachrichten.de\/index.php?rest_route=\/wp\/v2\/posts\/156516\/revisions\/156521"}],"wp:attachment":[{"href":"https:\/\/www.fuldaernachrichten.de\/index.php?rest_route=%2Fwp%2Fv2%2Fmedia&parent=156516"}],"wp:term":[{"taxonomy":"category","embeddable":true,"href":"https:\/\/www.fuldaernachrichten.de\/index.php?rest_route=%2Fwp%2Fv2%2Fcategories&post=156516"},{"taxonomy":"post_tag","embeddable":true,"href":"https:\/\/www.fuldaernachrichten.de\/index.php?rest_route=%2Fwp%2Fv2%2Ftags&post=156516"}],"curies":[{"name":"wp","href":"https:\/\/api.w.org\/{rel}","templated":true}]}}