{"id":156511,"date":"2016-10-27T20:14:20","date_gmt":"2016-10-27T18:14:20","guid":{"rendered":"http:\/\/www.fuldaer-nachrichten.de\/?p=156511"},"modified":"2016-10-27T20:14:20","modified_gmt":"2016-10-27T18:14:20","slug":"inklusion-und-medienausstattung-sind-themen-der-zukunft","status":"publish","type":"post","link":"https:\/\/www.fuldaernachrichten.de\/?p=156511","title":{"rendered":"Inklusion und Medienausstattung sind Themen der Zukunft"},"content":{"rendered":"<p>Landrat und Schuldezernent Manfred G\u00f6rig folgte einer Einladung der Schulleitung an die Geschwister-Scholl-Schule in Alsfeld und lie\u00df sich von Schulleiterin Helga Stock und deren Stellvertreterin Anne Christ \u00fcber die Umsetzung der Inklusion informieren. Zweites wichtiges Zukunftsthema war die Medienausstattung der Schulen. \u201eModerne und gut ausgestattete Schulen mit einem vielf\u00e4ltigen Bildungsangebot sind gerade auch im l\u00e4ndlichen Raum ein wichtiger Standortfaktor\u201c, unterstrich G\u00f6rig.<\/p>\n<p>Nach dem Aktionsplan des hessischen Kultusministeriums sollen die Angebote der F\u00f6rderschulen und die sonderp\u00e4dagogische Fachkompetenz schrittweise\u00c2\u00a0 unter das Dach der allgemeinbildenden Schulen verlagert werden. In den letzten Jahren wurden bereits keine neuen Sch\u00fclerinnen und Sch\u00fcler mehr in die F\u00f6rderschulen aufgenommen, sodass sich die Sch\u00fclerzahl an der Erich-K\u00e4stner-Schule permanent verringerte auf letztlich noch 12 Sch\u00fclerinnen und Sch\u00fcler in der Hauptstufe. Deshalb folgte der Kreistag dem Vorschlag des Staatlichen Schulamtes und gab den Standort Erich-K\u00e4stner-Schule auf.<\/p>\n<p>Die verbliebenen Sch\u00fclerinnen und Sch\u00fcler wechselten \u2013 nach ein paar kleineren Umbauma\u00dfnahmen \u2013 zur gemeinsamen Beschulung an die Geschwister-Scholl-Schule. \u201eDer Umzug an unsere Schule hat sich ger\u00e4uschlos vollzogen\u201c, best\u00e4tigte die stellvertretende Schulleiterin Anne Christ, die mit der Leitung des Beratungs- und F\u00f6rderzentrums beauftragt wurde.<\/p>\n<p>Landrat G\u00f6rig machte in diesem Zusammenhang deutlich, dass es dem Schultr\u00e4ger wichtig sei, den Inklusionsprozess permanent zu begleiten. Er regte an, dass die beauftragten Leitungen der k\u00fcnftigen Beratungs- und F\u00f6rderzentren sowie das Staatliche Schulamt in einer Sitzung des Schulausschusses Anfang des n\u00e4chsten Jahres \u00fcber den aktuellen Stand und die weitere Entwicklung berichten sollten. Beim anschlie\u00dfenden Rundgang machte er sich ein Bild von der Ausstattung mit moderner Medientechnologie.<\/p>\n<p>F\u00fcr den Konrektor und IT-Beauftragten Marco Allendorf steht nun die Ausstattung mit WLAN-Technik in den Unterrichtsr\u00e4umen als \u201elogische Konsequenz und zwingende Voraussetzung f\u00fcr den Einsatz von Tablets\u201c an. Die Geschwister-Scholl-Schule habe mit der Installation der notwendigen Technik eine Pilotfunktion \u00fcbernommen. Der Landrat k\u00fcndigte an, verst\u00e4rkt in die Ausstattung der Schulen mit modernen Medien investieren zu wollen. \u201eDabei wird die Initiative der Bundesbildungsministerin, ein entsprechendes Bundesprogramm aufzulegen, eine wertvolle Unterst\u00fctzung sein\u201c, so Landrat G\u00f6rig, \u201ewir als Schultr\u00e4ger k\u00f6nnten diese Zukunftsaufgabe nicht ohne zus\u00e4tzliche Finanzmittel schultern.\u201c<\/p>\n","protected":false},"excerpt":{"rendered":"<div class=\"tmnf_excerpt\"><p>Landrat und Schuldezernent Manfred G\u00f6rig folgte einer Einladung der Schulleitung an die Geschwister-Scholl-Schule in Alsfeld und lie\u00df sich von Schulleiterin Helga Stock und deren Stellvertreterin Anne Christ \u00fcber die Umsetzung der Inklusion informieren. Zweites wichtiges Zukunftsthema war die Medienausstattung der Schulen. \u201eModerne und gut ausgestattete Schulen mit einem vielf\u00e4ltigen Bildungsangebot sind gerade auch im l\u00e4ndlichen &hellip;<\/p>\n<\/div>","protected":false},"author":1,"featured_media":156528,"comment_status":"closed","ping_status":"closed","sticky":false,"template":"","format":"standard","meta":{"footnotes":""},"categories":[1],"tags":[],"class_list":["post-156511","post","type-post","status-publish","format-standard","has-post-thumbnail","hentry","category-startseite"],"_links":{"self":[{"href":"https:\/\/www.fuldaernachrichten.de\/index.php?rest_route=\/wp\/v2\/posts\/156511","targetHints":{"allow":["GET"]}}],"collection":[{"href":"https:\/\/www.fuldaernachrichten.de\/index.php?rest_route=\/wp\/v2\/posts"}],"about":[{"href":"https:\/\/www.fuldaernachrichten.de\/index.php?rest_route=\/wp\/v2\/types\/post"}],"author":[{"embeddable":true,"href":"https:\/\/www.fuldaernachrichten.de\/index.php?rest_route=\/wp\/v2\/users\/1"}],"replies":[{"embeddable":true,"href":"https:\/\/www.fuldaernachrichten.de\/index.php?rest_route=%2Fwp%2Fv2%2Fcomments&post=156511"}],"version-history":[{"count":1,"href":"https:\/\/www.fuldaernachrichten.de\/index.php?rest_route=\/wp\/v2\/posts\/156511\/revisions"}],"predecessor-version":[{"id":156529,"href":"https:\/\/www.fuldaernachrichten.de\/index.php?rest_route=\/wp\/v2\/posts\/156511\/revisions\/156529"}],"wp:featuredmedia":[{"embeddable":true,"href":"https:\/\/www.fuldaernachrichten.de\/index.php?rest_route=\/wp\/v2\/media\/156528"}],"wp:attachment":[{"href":"https:\/\/www.fuldaernachrichten.de\/index.php?rest_route=%2Fwp%2Fv2%2Fmedia&parent=156511"}],"wp:term":[{"taxonomy":"category","embeddable":true,"href":"https:\/\/www.fuldaernachrichten.de\/index.php?rest_route=%2Fwp%2Fv2%2Fcategories&post=156511"},{"taxonomy":"post_tag","embeddable":true,"href":"https:\/\/www.fuldaernachrichten.de\/index.php?rest_route=%2Fwp%2Fv2%2Ftags&post=156511"}],"curies":[{"name":"wp","href":"https:\/\/api.w.org\/{rel}","templated":true}]}}